{"id":9634,"date":"2022-04-19T10:14:00","date_gmt":"2022-04-19T08:14:00","guid":{"rendered":"https:\/\/lightweb.dev\/l\/svm-temp\/rapartist-gripen-uppmanar-att-doda-poliser-och-politiker\/"},"modified":"2022-04-19T10:14:00","modified_gmt":"2022-04-19T08:14:00","slug":"rapartist-gripen-uppmanar-att-doda-poliser-och-politiker","status":"publish","type":"post","link":"https:\/\/lightweb.dev\/l\/svm-temp\/nyheter\/rapartist-gripen-uppmanar-att-doda-poliser-och-politiker\/","title":{"rendered":"Rapartist gripen \u2013 uppmanar att d\u00f6da poliser och politiker"},"content":{"rendered":"<p> En rapartist har gripits i Fuengirola efter att i texter uppmanat att d\u00f6da poliser och politiker. Guardia Civil har analyserat texterna d\u00e4r namn som Mariano Rajoy och Santiago Abascal pekas ut. Mannen publicerade sina verk p\u00e5 sociala n\u00e4tverk som Youtube och Instagram.<\/p>\n<p>Utredare vid Guardia Civil har \u00f6verl\u00e4mnat materialet till en domstol som handl\u00e4gger \u00e4rendet. I texterna uppmanas lyssnare att agera mot Vox och \u201dden svarte mannen fr\u00e5n Vox ska h\u00e4ngas fr\u00e5n en bro\u201d och partiledaren Santiago Abascal ska skjutas med tv\u00e5 skott i nacken och pannan.<\/p>\n<p>Hot riktas \u00e4ven mot den tidigare regeringschefen Mariano Rajoy. Rapartisten ber om en bilbomb f\u00f6r Mariano med sin son inuti. \u201dBroder, l\u00e5t dem k\u00e4nna sm\u00e4rtan av sina styckade kroppar\u201d forts\u00e4tter texten.<\/p>\n<p>Andra texter handlar om att d\u00f6da poliser, n\u00e5got rapartisten dr\u00f6mmer om varje natt. Andra texter har ett internationellt budskap som \u201dd\u00f6d och f\u00f6rst\u00f6relse \u00e5t staten Israel\u201d.<\/p>\n<p>Nyligen greps mannen i Fuengirola misst\u00e4nkt f\u00f6r hatbrott. Rapartisten har blivit frisl\u00e4ppt medan utredningen forts\u00e4tter.<\/p>\n<p>Gripandet intr\u00e4ffade i samband med en st\u00f6rre r\u00e4d p\u00e5 europeisk niv\u00e5 i kampen mot hatbrott d\u00e4r polisstyrkor fr\u00e5n elva l\u00e4nder deltog.<\/p>\n<p>Insatsen var riktad mot olika typer av hatbrott och samordnades av Europol. Gripanden gjordes i elva l\u00e4nder d\u00e4ribland Spanien, Frankrike, \u00d6sterrike, Bulgarien, Tyskland, Italien, Litauen, Luxemburg, Norge, Portugal och Rum\u00e4nien.<\/p>\n<p>Guardia Civil fann 240 publiceringar av olika slag p\u00e5 sociala n\u00e4tverk vars inneh\u00e5ll kan utg\u00f6ra hatbrott. Bland dem fanns rapartisten i Fuengirola.<\/p>\n","protected":false},"excerpt":{"rendered":"<p>En rapartist har gripits i Fuengirola efter att i texter uppmanat att d\u00f6da poliser och politiker. Guardia Civil har analyserat texterna d\u00e4r namn som Mariano Rajoy och Santiago Abascal pekas ut. Mannen publicerade sina verk p\u00e5 sociala n\u00e4tverk som Youtube och Instagram. Utredare vid Guardia Civil har \u00f6verl\u00e4mnat materialet till en domstol som handl\u00e4gger \u00e4rendet. [&hellip;]<\/p>\n","protected":false},"author":8,"featured_media":9635,"comment_status":"open","ping_status":"open","sticky":false,"template":"","format":"standard","meta":{"_et_pb_use_builder":"","_et_pb_old_content":"","_et_gb_content_width":"","footnotes":""},"categories":[395,3],"tags":[],"class_list":["post-9634","post","type-post","status-publish","format-standard","has-post-thumbnail","hentry","category-arkiv-nyheter","category-nyheter"],"yoast_head":"<!-- This site is optimized with the Yoast SEO Premium plugin v26.2 (Yoast SEO v27.4) - https:\/\/yoast.com\/product\/yoast-seo-premium-wordpress\/ -->\n<title>Rapartist gripen \u2013 uppmanar att d\u00f6da poliser och politiker - Svenska Magasinet<\/title>\n<meta name=\"robots\" content=\"noindex, follow, max-snippet:-1, max-image-preview:large, max-video-preview:-1\" \/>\n<meta property=\"og:locale\" content=\"sv_SE\" \/>\n<meta property=\"og:type\" content=\"article\" \/>\n<meta property=\"og:title\" content=\"Rapartist gripen \u2013 uppmanar att d\u00f6da poliser och politiker\" \/>\n<meta property=\"og:description\" content=\"En rapartist har gripits i Fuengirola efter att i texter uppmanat att d\u00f6da poliser och politiker. Guardia Civil har analyserat texterna d\u00e4r namn som Mariano Rajoy och Santiago Abascal pekas ut. Mannen publicerade sina verk p\u00e5 sociala n\u00e4tverk som Youtube och Instagram. Utredare vid Guardia Civil har \u00f6verl\u00e4mnat materialet till en domstol som handl\u00e4gger \u00e4rendet. [&hellip;]\" \/>\n<meta property=\"og:url\" content=\"https:\/\/lightweb.dev\/l\/svm-temp\/nyheter\/rapartist-gripen-uppmanar-att-doda-poliser-och-politiker\/\" \/>\n<meta property=\"og:site_name\" content=\"Svenska Magasinet\" \/>\n<meta property=\"article:publisher\" content=\"https:\/\/www.facebook.com\/svenskamagasinet\" \/>\n<meta property=\"article:published_time\" content=\"2022-04-19T08:14:00+00:00\" \/>\n<meta property=\"og:image\" content=\"https:\/\/lightweb.dev\/l\/svm-temp\/wp-content\/uploads\/2022\/05\/rapartist-gripen-uppmanar-att-doda-poliser-och-politiker.png\" \/>\n\t<meta property=\"og:image:width\" content=\"500\" \/>\n\t<meta property=\"og:image:height\" content=\"300\" \/>\n\t<meta property=\"og:image:type\" content=\"image\/png\" \/>\n<meta name=\"author\" content=\"Redaktionen SvM\" \/>\n<meta name=\"twitter:card\" content=\"summary_large_image\" \/>\n<meta name=\"twitter:creator\" content=\"@SvenskaMagasine\" \/>\n<meta name=\"twitter:site\" content=\"@SvenskaMagasine\" \/>\n<script type=\"application\/ld+json\" class=\"yoast-schema-graph\">{\"@context\":\"https:\\\/\\\/schema.org\",\"@graph\":[{\"@type\":\"Article\",\"@id\":\"https:\\\/\\\/lightweb.dev\\\/l\\\/svm-temp\\\/nyheter\\\/rapartist-gripen-uppmanar-att-doda-poliser-och-politiker\\\/#article\",\"isPartOf\":{\"@id\":\"https:\\\/\\\/lightweb.dev\\\/l\\\/svm-temp\\\/nyheter\\\/rapartist-gripen-uppmanar-att-doda-poliser-och-politiker\\\/\"},\"author\":{\"name\":\"Redaktionen SvM\",\"@id\":\"https:\\\/\\\/lightweb.dev\\\/l\\\/svm-temp\\\/#\\\/schema\\\/person\\\/206a3bda5b607b0c25e1749191e4d837\"},\"headline\":\"Rapartist gripen \u2013 uppmanar att d\u00f6da poliser och politiker\",\"datePublished\":\"2022-04-19T08:14:00+00:00\",\"mainEntityOfPage\":{\"@id\":\"https:\\\/\\\/lightweb.dev\\\/l\\\/svm-temp\\\/nyheter\\\/rapartist-gripen-uppmanar-att-doda-poliser-och-politiker\\\/\"},\"wordCount\":275,\"commentCount\":0,\"publisher\":{\"@id\":\"https:\\\/\\\/lightweb.dev\\\/l\\\/svm-temp\\\/#organization\"},\"image\":{\"@id\":\"https:\\\/\\\/lightweb.dev\\\/l\\\/svm-temp\\\/nyheter\\\/rapartist-gripen-uppmanar-att-doda-poliser-och-politiker\\\/#primaryimage\"},\"thumbnailUrl\":\"https:\\\/\\\/lightweb.dev\\\/l\\\/svm-temp\\\/wp-content\\\/uploads\\\/2022\\\/05\\\/rapartist-gripen-uppmanar-att-doda-poliser-och-politiker.png\",\"articleSection\":[\"Arkiv\",\"Nyheter\"],\"inLanguage\":\"sv-SE\"},{\"@type\":\"WebPage\",\"@id\":\"https:\\\/\\\/lightweb.dev\\\/l\\\/svm-temp\\\/nyheter\\\/rapartist-gripen-uppmanar-att-doda-poliser-och-politiker\\\/\",\"url\":\"https:\\\/\\\/lightweb.dev\\\/l\\\/svm-temp\\\/nyheter\\\/rapartist-gripen-uppmanar-att-doda-poliser-och-politiker\\\/\",\"name\":\"Rapartist gripen \u2013 uppmanar att d\u00f6da poliser och politiker - Svenska Magasinet\",\"isPartOf\":{\"@id\":\"https:\\\/\\\/lightweb.dev\\\/l\\\/svm-temp\\\/#website\"},\"primaryImageOfPage\":{\"@id\":\"https:\\\/\\\/lightweb.dev\\\/l\\\/svm-temp\\\/nyheter\\\/rapartist-gripen-uppmanar-att-doda-poliser-och-politiker\\\/#primaryimage\"},\"image\":{\"@id\":\"https:\\\/\\\/lightweb.dev\\\/l\\\/svm-temp\\\/nyheter\\\/rapartist-gripen-uppmanar-att-doda-poliser-och-politiker\\\/#primaryimage\"},\"thumbnailUrl\":\"https:\\\/\\\/lightweb.dev\\\/l\\\/svm-temp\\\/wp-content\\\/uploads\\\/2022\\\/05\\\/rapartist-gripen-uppmanar-att-doda-poliser-och-politiker.png\",\"datePublished\":\"2022-04-19T08:14:00+00:00\",\"breadcrumb\":{\"@id\":\"https:\\\/\\\/lightweb.dev\\\/l\\\/svm-temp\\\/nyheter\\\/rapartist-gripen-uppmanar-att-doda-poliser-och-politiker\\\/#breadcrumb\"},\"inLanguage\":\"sv-SE\",\"potentialAction\":[{\"@type\":\"ReadAction\",\"target\":[\"https:\\\/\\\/lightweb.dev\\\/l\\\/svm-temp\\\/nyheter\\\/rapartist-gripen-uppmanar-att-doda-poliser-och-politiker\\\/\"]}]},{\"@type\":\"ImageObject\",\"inLanguage\":\"sv-SE\",\"@id\":\"https:\\\/\\\/lightweb.dev\\\/l\\\/svm-temp\\\/nyheter\\\/rapartist-gripen-uppmanar-att-doda-poliser-och-politiker\\\/#primaryimage\",\"url\":\"https:\\\/\\\/lightweb.dev\\\/l\\\/svm-temp\\\/wp-content\\\/uploads\\\/2022\\\/05\\\/rapartist-gripen-uppmanar-att-doda-poliser-och-politiker.png\",\"contentUrl\":\"https:\\\/\\\/lightweb.dev\\\/l\\\/svm-temp\\\/wp-content\\\/uploads\\\/2022\\\/05\\\/rapartist-gripen-uppmanar-att-doda-poliser-och-politiker.png\",\"width\":500,\"height\":300},{\"@type\":\"BreadcrumbList\",\"@id\":\"https:\\\/\\\/lightweb.dev\\\/l\\\/svm-temp\\\/nyheter\\\/rapartist-gripen-uppmanar-att-doda-poliser-och-politiker\\\/#breadcrumb\",\"itemListElement\":[{\"@type\":\"ListItem\",\"position\":1,\"name\":\"Hem\",\"item\":\"https:\\\/\\\/lightweb.dev\\\/l\\\/svm-temp\\\/\"},{\"@type\":\"ListItem\",\"position\":2,\"name\":\"Rapartist gripen \u2013 uppmanar att d\u00f6da poliser och politiker\"}]},{\"@type\":\"WebSite\",\"@id\":\"https:\\\/\\\/lightweb.dev\\\/l\\\/svm-temp\\\/#website\",\"url\":\"https:\\\/\\\/lightweb.dev\\\/l\\\/svm-temp\\\/\",\"name\":\"Svenska Magasinet\",\"description\":\"Dina Spanska nyheter p&aring; Svenska\",\"publisher\":{\"@id\":\"https:\\\/\\\/lightweb.dev\\\/l\\\/svm-temp\\\/#organization\"},\"potentialAction\":[{\"@type\":\"SearchAction\",\"target\":{\"@type\":\"EntryPoint\",\"urlTemplate\":\"https:\\\/\\\/lightweb.dev\\\/l\\\/svm-temp\\\/?s={search_term_string}\"},\"query-input\":{\"@type\":\"PropertyValueSpecification\",\"valueRequired\":true,\"valueName\":\"search_term_string\"}}],\"inLanguage\":\"sv-SE\"},{\"@type\":\"Organization\",\"@id\":\"https:\\\/\\\/lightweb.dev\\\/l\\\/svm-temp\\\/#organization\",\"name\":\"Melkerson y Nott SL\",\"alternateName\":\"Svenska Magasinet\",\"url\":\"https:\\\/\\\/lightweb.dev\\\/l\\\/svm-temp\\\/\",\"logo\":{\"@type\":\"ImageObject\",\"inLanguage\":\"sv-SE\",\"@id\":\"https:\\\/\\\/lightweb.dev\\\/l\\\/svm-temp\\\/#\\\/schema\\\/logo\\\/image\\\/\",\"url\":\"https:\\\/\\\/lightweb.dev\\\/l\\\/svm-temp\\\/wp-content\\\/uploads\\\/2025\\\/02\\\/SvM-logo-Xtra-Centrerad-SVART.png\",\"contentUrl\":\"https:\\\/\\\/lightweb.dev\\\/l\\\/svm-temp\\\/wp-content\\\/uploads\\\/2025\\\/02\\\/SvM-logo-Xtra-Centrerad-SVART.png\",\"width\":300,\"height\":99,\"caption\":\"Melkerson y Nott SL\"},\"image\":{\"@id\":\"https:\\\/\\\/lightweb.dev\\\/l\\\/svm-temp\\\/#\\\/schema\\\/logo\\\/image\\\/\"},\"sameAs\":[\"https:\\\/\\\/www.facebook.com\\\/svenskamagasinet\",\"https:\\\/\\\/x.com\\\/SvenskaMagasine\"]},{\"@type\":\"Person\",\"@id\":\"https:\\\/\\\/lightweb.dev\\\/l\\\/svm-temp\\\/#\\\/schema\\\/person\\\/206a3bda5b607b0c25e1749191e4d837\",\"name\":\"Redaktionen SvM\",\"description\":\"Redaktionen\",\"sameAs\":[\"https:\\\/\\\/lightweb.dev\\\/l\\\/svm-temp\"],\"url\":\"https:\\\/\\\/lightweb.dev\\\/l\\\/svm-temp\\\/reporter\\\/redaktionen\\\/\"}]}<\/script>\n<!-- \/ Yoast SEO Premium plugin. -->","yoast_head_json":{"title":"Rapartist gripen \u2013 uppmanar att d\u00f6da poliser och politiker - Svenska Magasinet","robots":{"index":"noindex","follow":"follow","max-snippet":"max-snippet:-1","max-image-preview":"max-image-preview:large","max-video-preview":"max-video-preview:-1"},"og_locale":"sv_SE","og_type":"article","og_title":"Rapartist gripen \u2013 uppmanar att d\u00f6da poliser och politiker","og_description":"En rapartist har gripits i Fuengirola efter att i texter uppmanat att d\u00f6da poliser och politiker. Guardia Civil har analyserat texterna d\u00e4r namn som Mariano Rajoy och Santiago Abascal pekas ut. Mannen publicerade sina verk p\u00e5 sociala n\u00e4tverk som Youtube och Instagram. Utredare vid Guardia Civil har \u00f6verl\u00e4mnat materialet till en domstol som handl\u00e4gger \u00e4rendet. [&hellip;]","og_url":"https:\/\/lightweb.dev\/l\/svm-temp\/nyheter\/rapartist-gripen-uppmanar-att-doda-poliser-och-politiker\/","og_site_name":"Svenska Magasinet","article_publisher":"https:\/\/www.facebook.com\/svenskamagasinet","article_published_time":"2022-04-19T08:14:00+00:00","og_image":[{"width":500,"height":300,"url":"https:\/\/lightweb.dev\/l\/svm-temp\/wp-content\/uploads\/2022\/05\/rapartist-gripen-uppmanar-att-doda-poliser-och-politiker.png","type":"image\/png"}],"author":"Redaktionen SvM","twitter_card":"summary_large_image","twitter_creator":"@SvenskaMagasine","twitter_site":"@SvenskaMagasine","schema":{"@context":"https:\/\/schema.org","@graph":[{"@type":"Article","@id":"https:\/\/lightweb.dev\/l\/svm-temp\/nyheter\/rapartist-gripen-uppmanar-att-doda-poliser-och-politiker\/#article","isPartOf":{"@id":"https:\/\/lightweb.dev\/l\/svm-temp\/nyheter\/rapartist-gripen-uppmanar-att-doda-poliser-och-politiker\/"},"author":{"name":"Redaktionen SvM","@id":"https:\/\/lightweb.dev\/l\/svm-temp\/#\/schema\/person\/206a3bda5b607b0c25e1749191e4d837"},"headline":"Rapartist gripen \u2013 uppmanar att d\u00f6da poliser och politiker","datePublished":"2022-04-19T08:14:00+00:00","mainEntityOfPage":{"@id":"https:\/\/lightweb.dev\/l\/svm-temp\/nyheter\/rapartist-gripen-uppmanar-att-doda-poliser-och-politiker\/"},"wordCount":275,"commentCount":0,"publisher":{"@id":"https:\/\/lightweb.dev\/l\/svm-temp\/#organization"},"image":{"@id":"https:\/\/lightweb.dev\/l\/svm-temp\/nyheter\/rapartist-gripen-uppmanar-att-doda-poliser-och-politiker\/#primaryimage"},"thumbnailUrl":"https:\/\/lightweb.dev\/l\/svm-temp\/wp-content\/uploads\/2022\/05\/rapartist-gripen-uppmanar-att-doda-poliser-och-politiker.png","articleSection":["Arkiv","Nyheter"],"inLanguage":"sv-SE"},{"@type":"WebPage","@id":"https:\/\/lightweb.dev\/l\/svm-temp\/nyheter\/rapartist-gripen-uppmanar-att-doda-poliser-och-politiker\/","url":"https:\/\/lightweb.dev\/l\/svm-temp\/nyheter\/rapartist-gripen-uppmanar-att-doda-poliser-och-politiker\/","name":"Rapartist gripen \u2013 uppmanar att d\u00f6da poliser och politiker - Svenska Magasinet","isPartOf":{"@id":"https:\/\/lightweb.dev\/l\/svm-temp\/#website"},"primaryImageOfPage":{"@id":"https:\/\/lightweb.dev\/l\/svm-temp\/nyheter\/rapartist-gripen-uppmanar-att-doda-poliser-och-politiker\/#primaryimage"},"image":{"@id":"https:\/\/lightweb.dev\/l\/svm-temp\/nyheter\/rapartist-gripen-uppmanar-att-doda-poliser-och-politiker\/#primaryimage"},"thumbnailUrl":"https:\/\/lightweb.dev\/l\/svm-temp\/wp-content\/uploads\/2022\/05\/rapartist-gripen-uppmanar-att-doda-poliser-och-politiker.png","datePublished":"2022-04-19T08:14:00+00:00","breadcrumb":{"@id":"https:\/\/lightweb.dev\/l\/svm-temp\/nyheter\/rapartist-gripen-uppmanar-att-doda-poliser-och-politiker\/#breadcrumb"},"inLanguage":"sv-SE","potentialAction":[{"@type":"ReadAction","target":["https:\/\/lightweb.dev\/l\/svm-temp\/nyheter\/rapartist-gripen-uppmanar-att-doda-poliser-och-politiker\/"]}]},{"@type":"ImageObject","inLanguage":"sv-SE","@id":"https:\/\/lightweb.dev\/l\/svm-temp\/nyheter\/rapartist-gripen-uppmanar-att-doda-poliser-och-politiker\/#primaryimage","url":"https:\/\/lightweb.dev\/l\/svm-temp\/wp-content\/uploads\/2022\/05\/rapartist-gripen-uppmanar-att-doda-poliser-och-politiker.png","contentUrl":"https:\/\/lightweb.dev\/l\/svm-temp\/wp-content\/uploads\/2022\/05\/rapartist-gripen-uppmanar-att-doda-poliser-och-politiker.png","width":500,"height":300},{"@type":"BreadcrumbList","@id":"https:\/\/lightweb.dev\/l\/svm-temp\/nyheter\/rapartist-gripen-uppmanar-att-doda-poliser-och-politiker\/#breadcrumb","itemListElement":[{"@type":"ListItem","position":1,"name":"Hem","item":"https:\/\/lightweb.dev\/l\/svm-temp\/"},{"@type":"ListItem","position":2,"name":"Rapartist gripen \u2013 uppmanar att d\u00f6da poliser och politiker"}]},{"@type":"WebSite","@id":"https:\/\/lightweb.dev\/l\/svm-temp\/#website","url":"https:\/\/lightweb.dev\/l\/svm-temp\/","name":"Svenska Magasinet","description":"Dina Spanska nyheter p&aring; Svenska","publisher":{"@id":"https:\/\/lightweb.dev\/l\/svm-temp\/#organization"},"potentialAction":[{"@type":"SearchAction","target":{"@type":"EntryPoint","urlTemplate":"https:\/\/lightweb.dev\/l\/svm-temp\/?s={search_term_string}"},"query-input":{"@type":"PropertyValueSpecification","valueRequired":true,"valueName":"search_term_string"}}],"inLanguage":"sv-SE"},{"@type":"Organization","@id":"https:\/\/lightweb.dev\/l\/svm-temp\/#organization","name":"Melkerson y Nott SL","alternateName":"Svenska Magasinet","url":"https:\/\/lightweb.dev\/l\/svm-temp\/","logo":{"@type":"ImageObject","inLanguage":"sv-SE","@id":"https:\/\/lightweb.dev\/l\/svm-temp\/#\/schema\/logo\/image\/","url":"https:\/\/lightweb.dev\/l\/svm-temp\/wp-content\/uploads\/2025\/02\/SvM-logo-Xtra-Centrerad-SVART.png","contentUrl":"https:\/\/lightweb.dev\/l\/svm-temp\/wp-content\/uploads\/2025\/02\/SvM-logo-Xtra-Centrerad-SVART.png","width":300,"height":99,"caption":"Melkerson y Nott SL"},"image":{"@id":"https:\/\/lightweb.dev\/l\/svm-temp\/#\/schema\/logo\/image\/"},"sameAs":["https:\/\/www.facebook.com\/svenskamagasinet","https:\/\/x.com\/SvenskaMagasine"]},{"@type":"Person","@id":"https:\/\/lightweb.dev\/l\/svm-temp\/#\/schema\/person\/206a3bda5b607b0c25e1749191e4d837","name":"Redaktionen SvM","description":"Redaktionen","sameAs":["https:\/\/lightweb.dev\/l\/svm-temp"],"url":"https:\/\/lightweb.dev\/l\/svm-temp\/reporter\/redaktionen\/"}]}},"_links":{"self":[{"href":"https:\/\/lightweb.dev\/l\/svm-temp\/wp-json\/wp\/v2\/posts\/9634","targetHints":{"allow":["GET"]}}],"collection":[{"href":"https:\/\/lightweb.dev\/l\/svm-temp\/wp-json\/wp\/v2\/posts"}],"about":[{"href":"https:\/\/lightweb.dev\/l\/svm-temp\/wp-json\/wp\/v2\/types\/post"}],"author":[{"embeddable":true,"href":"https:\/\/lightweb.dev\/l\/svm-temp\/wp-json\/wp\/v2\/users\/8"}],"replies":[{"embeddable":true,"href":"https:\/\/lightweb.dev\/l\/svm-temp\/wp-json\/wp\/v2\/comments?post=9634"}],"version-history":[{"count":0,"href":"https:\/\/lightweb.dev\/l\/svm-temp\/wp-json\/wp\/v2\/posts\/9634\/revisions"}],"wp:featuredmedia":[{"embeddable":true,"href":"https:\/\/lightweb.dev\/l\/svm-temp\/wp-json\/wp\/v2\/media\/9635"}],"wp:attachment":[{"href":"https:\/\/lightweb.dev\/l\/svm-temp\/wp-json\/wp\/v2\/media?parent=9634"}],"wp:term":[{"taxonomy":"category","embeddable":true,"href":"https:\/\/lightweb.dev\/l\/svm-temp\/wp-json\/wp\/v2\/categories?post=9634"},{"taxonomy":"post_tag","embeddable":true,"href":"https:\/\/lightweb.dev\/l\/svm-temp\/wp-json\/wp\/v2\/tags?post=9634"}],"curies":[{"name":"wp","href":"https:\/\/api.w.org\/{rel}","templated":true}]}}