{"id":9644,"date":"2022-04-18T10:52:00","date_gmt":"2022-04-18T08:52:00","guid":{"rendered":"https:\/\/lightweb.dev\/l\/svm-temp\/14-miljoner-sanktioner-upphavs-efter-grundlagsvidrigt-nationellt-nodlage\/"},"modified":"2022-04-18T10:52:00","modified_gmt":"2022-04-18T08:52:00","slug":"14-miljoner-sanktioner-upphavs-efter-grundlagsvidrigt-nationellt-nodlage","status":"publish","type":"post","link":"https:\/\/lightweb.dev\/l\/svm-temp\/nyheter\/14-miljoner-sanktioner-upphavs-efter-grundlagsvidrigt-nationellt-nodlage\/","title":{"rendered":"1,4 miljoner sanktioner upph\u00e4vs efter grundlagsvidrigt nationellt n\u00f6dl\u00e4ge"},"content":{"rendered":"<p> B\u00f6tesbeloppen l\u00e5g mellan 600 till 30.000 euro f\u00f6r den som br\u00f6t mot restriktionerna under det utlysta nationella n\u00f6dl\u00e4get i samband med covid-19-pandemin. F\u00f6rfattningsdomstolen annullerar n\u00e4stan 1,4 miljoner sanktioner. Enbart under perioden mars till juni 2020 uppgick b\u00f6tesbeloppen till 115 miljoner euro.<br \/>\n Totalt r\u00f6r det sig om 150.000 b\u00f6ter p\u00e5 ett genomsnitt av 732 euro.<\/p>\n<p>Spaniens regering utlyste nationellt n\u00f6dl\u00e4ge under pandemin. Men beslutet var grundlagsvidrigt och f\u00f6ljde inte konstitutionen vilket g\u00f6r att de sanktioner och b\u00f6ter som utdelades ogiltigf\u00f6rklaras.<\/p>\n<p>Ett utslag fr\u00e5n f\u00f6rfattningsdomstolen TC (Tribunal Constitucional) ogiltigf\u00f6rklarar tv\u00e5 utlysta nationella n\u00f6dl\u00e4gen som regeringen med Pedro S\u00e1nchez inf\u00f6rde f\u00f6re och efter sommaren 2020.<\/p>\n<p>Det \u00e4r inte bara ett politiskt och juridiskt bakslag f\u00f6r landets regeringskoalition PSOE och Unidas Podemos utan \u00e4ven n\u00e4r det g\u00e4ller statens int\u00e4kter fr\u00e5n sanktioner och b\u00f6ter.<\/p>\n","protected":false},"excerpt":{"rendered":"<p>B\u00f6tesbeloppen l\u00e5g mellan 600 till 30.000 euro f\u00f6r den som br\u00f6t mot restriktionerna under det utlysta nationella n\u00f6dl\u00e4get i samband med covid-19-pandemin. F\u00f6rfattningsdomstolen annullerar n\u00e4stan 1,4 miljoner sanktioner. Enbart under perioden mars till juni 2020 uppgick b\u00f6tesbeloppen till 115 miljoner euro. Totalt r\u00f6r det sig om 150.000 b\u00f6ter p\u00e5 ett genomsnitt av 732 euro. Spaniens [&hellip;]<\/p>\n","protected":false},"author":8,"featured_media":9645,"comment_status":"open","ping_status":"open","sticky":false,"template":"","format":"standard","meta":{"_et_pb_use_builder":"","_et_pb_old_content":"","_et_gb_content_width":"","footnotes":""},"categories":[395,3],"tags":[],"class_list":["post-9644","post","type-post","status-publish","format-standard","has-post-thumbnail","hentry","category-arkiv-nyheter","category-nyheter"],"yoast_head":"<!-- This site is optimized with the Yoast SEO Premium plugin v26.2 (Yoast SEO v27.4) - https:\/\/yoast.com\/product\/yoast-seo-premium-wordpress\/ -->\n<title>1,4 miljoner sanktioner upph\u00e4vs efter grundlagsvidrigt nationellt n\u00f6dl\u00e4ge - Svenska Magasinet<\/title>\n<meta name=\"robots\" content=\"noindex, follow, max-snippet:-1, max-image-preview:large, max-video-preview:-1\" \/>\n<meta property=\"og:locale\" content=\"sv_SE\" \/>\n<meta property=\"og:type\" content=\"article\" \/>\n<meta property=\"og:title\" content=\"1,4 miljoner sanktioner upph\u00e4vs efter grundlagsvidrigt nationellt n\u00f6dl\u00e4ge\" \/>\n<meta property=\"og:description\" content=\"B\u00f6tesbeloppen l\u00e5g mellan 600 till 30.000 euro f\u00f6r den som br\u00f6t mot restriktionerna under det utlysta nationella n\u00f6dl\u00e4get i samband med covid-19-pandemin. F\u00f6rfattningsdomstolen annullerar n\u00e4stan 1,4 miljoner sanktioner. Enbart under perioden mars till juni 2020 uppgick b\u00f6tesbeloppen till 115 miljoner euro. Totalt r\u00f6r det sig om 150.000 b\u00f6ter p\u00e5 ett genomsnitt av 732 euro. Spaniens [&hellip;]\" \/>\n<meta property=\"og:url\" content=\"https:\/\/lightweb.dev\/l\/svm-temp\/nyheter\/14-miljoner-sanktioner-upphavs-efter-grundlagsvidrigt-nationellt-nodlage\/\" \/>\n<meta property=\"og:site_name\" content=\"Svenska Magasinet\" \/>\n<meta property=\"article:publisher\" content=\"https:\/\/www.facebook.com\/svenskamagasinet\" \/>\n<meta property=\"article:published_time\" content=\"2022-04-18T08:52:00+00:00\" \/>\n<meta property=\"og:image\" content=\"https:\/\/lightweb.dev\/l\/svm-temp\/wp-content\/uploads\/2022\/05\/14-miljoner-sanktioner-upphavs-efter-grundlagsvidrigt-nationellt-nodlage.png\" \/>\n\t<meta property=\"og:image:width\" content=\"500\" \/>\n\t<meta property=\"og:image:height\" content=\"300\" \/>\n\t<meta property=\"og:image:type\" content=\"image\/png\" \/>\n<meta name=\"author\" content=\"Redaktionen SvM\" \/>\n<meta name=\"twitter:card\" content=\"summary_large_image\" \/>\n<meta name=\"twitter:creator\" content=\"@SvenskaMagasine\" \/>\n<meta name=\"twitter:site\" content=\"@SvenskaMagasine\" \/>\n<script type=\"application\/ld+json\" class=\"yoast-schema-graph\">{\"@context\":\"https:\\\/\\\/schema.org\",\"@graph\":[{\"@type\":\"Article\",\"@id\":\"https:\\\/\\\/lightweb.dev\\\/l\\\/svm-temp\\\/nyheter\\\/14-miljoner-sanktioner-upphavs-efter-grundlagsvidrigt-nationellt-nodlage\\\/#article\",\"isPartOf\":{\"@id\":\"https:\\\/\\\/lightweb.dev\\\/l\\\/svm-temp\\\/nyheter\\\/14-miljoner-sanktioner-upphavs-efter-grundlagsvidrigt-nationellt-nodlage\\\/\"},\"author\":{\"name\":\"Redaktionen SvM\",\"@id\":\"https:\\\/\\\/lightweb.dev\\\/l\\\/svm-temp\\\/#\\\/schema\\\/person\\\/206a3bda5b607b0c25e1749191e4d837\"},\"headline\":\"1,4 miljoner sanktioner upph\u00e4vs efter grundlagsvidrigt nationellt n\u00f6dl\u00e4ge\",\"datePublished\":\"2022-04-18T08:52:00+00:00\",\"mainEntityOfPage\":{\"@id\":\"https:\\\/\\\/lightweb.dev\\\/l\\\/svm-temp\\\/nyheter\\\/14-miljoner-sanktioner-upphavs-efter-grundlagsvidrigt-nationellt-nodlage\\\/\"},\"wordCount\":163,\"commentCount\":0,\"publisher\":{\"@id\":\"https:\\\/\\\/lightweb.dev\\\/l\\\/svm-temp\\\/#organization\"},\"image\":{\"@id\":\"https:\\\/\\\/lightweb.dev\\\/l\\\/svm-temp\\\/nyheter\\\/14-miljoner-sanktioner-upphavs-efter-grundlagsvidrigt-nationellt-nodlage\\\/#primaryimage\"},\"thumbnailUrl\":\"https:\\\/\\\/lightweb.dev\\\/l\\\/svm-temp\\\/wp-content\\\/uploads\\\/2022\\\/05\\\/14-miljoner-sanktioner-upphavs-efter-grundlagsvidrigt-nationellt-nodlage.png\",\"articleSection\":[\"Arkiv\",\"Nyheter\"],\"inLanguage\":\"sv-SE\"},{\"@type\":\"WebPage\",\"@id\":\"https:\\\/\\\/lightweb.dev\\\/l\\\/svm-temp\\\/nyheter\\\/14-miljoner-sanktioner-upphavs-efter-grundlagsvidrigt-nationellt-nodlage\\\/\",\"url\":\"https:\\\/\\\/lightweb.dev\\\/l\\\/svm-temp\\\/nyheter\\\/14-miljoner-sanktioner-upphavs-efter-grundlagsvidrigt-nationellt-nodlage\\\/\",\"name\":\"1,4 miljoner sanktioner upph\u00e4vs efter grundlagsvidrigt nationellt n\u00f6dl\u00e4ge - Svenska Magasinet\",\"isPartOf\":{\"@id\":\"https:\\\/\\\/lightweb.dev\\\/l\\\/svm-temp\\\/#website\"},\"primaryImageOfPage\":{\"@id\":\"https:\\\/\\\/lightweb.dev\\\/l\\\/svm-temp\\\/nyheter\\\/14-miljoner-sanktioner-upphavs-efter-grundlagsvidrigt-nationellt-nodlage\\\/#primaryimage\"},\"image\":{\"@id\":\"https:\\\/\\\/lightweb.dev\\\/l\\\/svm-temp\\\/nyheter\\\/14-miljoner-sanktioner-upphavs-efter-grundlagsvidrigt-nationellt-nodlage\\\/#primaryimage\"},\"thumbnailUrl\":\"https:\\\/\\\/lightweb.dev\\\/l\\\/svm-temp\\\/wp-content\\\/uploads\\\/2022\\\/05\\\/14-miljoner-sanktioner-upphavs-efter-grundlagsvidrigt-nationellt-nodlage.png\",\"datePublished\":\"2022-04-18T08:52:00+00:00\",\"breadcrumb\":{\"@id\":\"https:\\\/\\\/lightweb.dev\\\/l\\\/svm-temp\\\/nyheter\\\/14-miljoner-sanktioner-upphavs-efter-grundlagsvidrigt-nationellt-nodlage\\\/#breadcrumb\"},\"inLanguage\":\"sv-SE\",\"potentialAction\":[{\"@type\":\"ReadAction\",\"target\":[\"https:\\\/\\\/lightweb.dev\\\/l\\\/svm-temp\\\/nyheter\\\/14-miljoner-sanktioner-upphavs-efter-grundlagsvidrigt-nationellt-nodlage\\\/\"]}]},{\"@type\":\"ImageObject\",\"inLanguage\":\"sv-SE\",\"@id\":\"https:\\\/\\\/lightweb.dev\\\/l\\\/svm-temp\\\/nyheter\\\/14-miljoner-sanktioner-upphavs-efter-grundlagsvidrigt-nationellt-nodlage\\\/#primaryimage\",\"url\":\"https:\\\/\\\/lightweb.dev\\\/l\\\/svm-temp\\\/wp-content\\\/uploads\\\/2022\\\/05\\\/14-miljoner-sanktioner-upphavs-efter-grundlagsvidrigt-nationellt-nodlage.png\",\"contentUrl\":\"https:\\\/\\\/lightweb.dev\\\/l\\\/svm-temp\\\/wp-content\\\/uploads\\\/2022\\\/05\\\/14-miljoner-sanktioner-upphavs-efter-grundlagsvidrigt-nationellt-nodlage.png\",\"width\":500,\"height\":300},{\"@type\":\"BreadcrumbList\",\"@id\":\"https:\\\/\\\/lightweb.dev\\\/l\\\/svm-temp\\\/nyheter\\\/14-miljoner-sanktioner-upphavs-efter-grundlagsvidrigt-nationellt-nodlage\\\/#breadcrumb\",\"itemListElement\":[{\"@type\":\"ListItem\",\"position\":1,\"name\":\"Hem\",\"item\":\"https:\\\/\\\/lightweb.dev\\\/l\\\/svm-temp\\\/\"},{\"@type\":\"ListItem\",\"position\":2,\"name\":\"1,4 miljoner sanktioner upph\u00e4vs efter grundlagsvidrigt nationellt n\u00f6dl\u00e4ge\"}]},{\"@type\":\"WebSite\",\"@id\":\"https:\\\/\\\/lightweb.dev\\\/l\\\/svm-temp\\\/#website\",\"url\":\"https:\\\/\\\/lightweb.dev\\\/l\\\/svm-temp\\\/\",\"name\":\"Svenska Magasinet\",\"description\":\"Dina Spanska nyheter p&aring; Svenska\",\"publisher\":{\"@id\":\"https:\\\/\\\/lightweb.dev\\\/l\\\/svm-temp\\\/#organization\"},\"potentialAction\":[{\"@type\":\"SearchAction\",\"target\":{\"@type\":\"EntryPoint\",\"urlTemplate\":\"https:\\\/\\\/lightweb.dev\\\/l\\\/svm-temp\\\/?s={search_term_string}\"},\"query-input\":{\"@type\":\"PropertyValueSpecification\",\"valueRequired\":true,\"valueName\":\"search_term_string\"}}],\"inLanguage\":\"sv-SE\"},{\"@type\":\"Organization\",\"@id\":\"https:\\\/\\\/lightweb.dev\\\/l\\\/svm-temp\\\/#organization\",\"name\":\"Melkerson y Nott SL\",\"alternateName\":\"Svenska Magasinet\",\"url\":\"https:\\\/\\\/lightweb.dev\\\/l\\\/svm-temp\\\/\",\"logo\":{\"@type\":\"ImageObject\",\"inLanguage\":\"sv-SE\",\"@id\":\"https:\\\/\\\/lightweb.dev\\\/l\\\/svm-temp\\\/#\\\/schema\\\/logo\\\/image\\\/\",\"url\":\"https:\\\/\\\/lightweb.dev\\\/l\\\/svm-temp\\\/wp-content\\\/uploads\\\/2025\\\/02\\\/SvM-logo-Xtra-Centrerad-SVART.png\",\"contentUrl\":\"https:\\\/\\\/lightweb.dev\\\/l\\\/svm-temp\\\/wp-content\\\/uploads\\\/2025\\\/02\\\/SvM-logo-Xtra-Centrerad-SVART.png\",\"width\":300,\"height\":99,\"caption\":\"Melkerson y Nott SL\"},\"image\":{\"@id\":\"https:\\\/\\\/lightweb.dev\\\/l\\\/svm-temp\\\/#\\\/schema\\\/logo\\\/image\\\/\"},\"sameAs\":[\"https:\\\/\\\/www.facebook.com\\\/svenskamagasinet\",\"https:\\\/\\\/x.com\\\/SvenskaMagasine\"]},{\"@type\":\"Person\",\"@id\":\"https:\\\/\\\/lightweb.dev\\\/l\\\/svm-temp\\\/#\\\/schema\\\/person\\\/206a3bda5b607b0c25e1749191e4d837\",\"name\":\"Redaktionen SvM\",\"description\":\"Redaktionen\",\"sameAs\":[\"https:\\\/\\\/lightweb.dev\\\/l\\\/svm-temp\"],\"url\":\"https:\\\/\\\/lightweb.dev\\\/l\\\/svm-temp\\\/reporter\\\/redaktionen\\\/\"}]}<\/script>\n<!-- \/ Yoast SEO Premium plugin. -->","yoast_head_json":{"title":"1,4 miljoner sanktioner upph\u00e4vs efter grundlagsvidrigt nationellt n\u00f6dl\u00e4ge - Svenska Magasinet","robots":{"index":"noindex","follow":"follow","max-snippet":"max-snippet:-1","max-image-preview":"max-image-preview:large","max-video-preview":"max-video-preview:-1"},"og_locale":"sv_SE","og_type":"article","og_title":"1,4 miljoner sanktioner upph\u00e4vs efter grundlagsvidrigt nationellt n\u00f6dl\u00e4ge","og_description":"B\u00f6tesbeloppen l\u00e5g mellan 600 till 30.000 euro f\u00f6r den som br\u00f6t mot restriktionerna under det utlysta nationella n\u00f6dl\u00e4get i samband med covid-19-pandemin. F\u00f6rfattningsdomstolen annullerar n\u00e4stan 1,4 miljoner sanktioner. Enbart under perioden mars till juni 2020 uppgick b\u00f6tesbeloppen till 115 miljoner euro. Totalt r\u00f6r det sig om 150.000 b\u00f6ter p\u00e5 ett genomsnitt av 732 euro. Spaniens [&hellip;]","og_url":"https:\/\/lightweb.dev\/l\/svm-temp\/nyheter\/14-miljoner-sanktioner-upphavs-efter-grundlagsvidrigt-nationellt-nodlage\/","og_site_name":"Svenska Magasinet","article_publisher":"https:\/\/www.facebook.com\/svenskamagasinet","article_published_time":"2022-04-18T08:52:00+00:00","og_image":[{"width":500,"height":300,"url":"https:\/\/lightweb.dev\/l\/svm-temp\/wp-content\/uploads\/2022\/05\/14-miljoner-sanktioner-upphavs-efter-grundlagsvidrigt-nationellt-nodlage.png","type":"image\/png"}],"author":"Redaktionen SvM","twitter_card":"summary_large_image","twitter_creator":"@SvenskaMagasine","twitter_site":"@SvenskaMagasine","schema":{"@context":"https:\/\/schema.org","@graph":[{"@type":"Article","@id":"https:\/\/lightweb.dev\/l\/svm-temp\/nyheter\/14-miljoner-sanktioner-upphavs-efter-grundlagsvidrigt-nationellt-nodlage\/#article","isPartOf":{"@id":"https:\/\/lightweb.dev\/l\/svm-temp\/nyheter\/14-miljoner-sanktioner-upphavs-efter-grundlagsvidrigt-nationellt-nodlage\/"},"author":{"name":"Redaktionen SvM","@id":"https:\/\/lightweb.dev\/l\/svm-temp\/#\/schema\/person\/206a3bda5b607b0c25e1749191e4d837"},"headline":"1,4 miljoner sanktioner upph\u00e4vs efter grundlagsvidrigt nationellt n\u00f6dl\u00e4ge","datePublished":"2022-04-18T08:52:00+00:00","mainEntityOfPage":{"@id":"https:\/\/lightweb.dev\/l\/svm-temp\/nyheter\/14-miljoner-sanktioner-upphavs-efter-grundlagsvidrigt-nationellt-nodlage\/"},"wordCount":163,"commentCount":0,"publisher":{"@id":"https:\/\/lightweb.dev\/l\/svm-temp\/#organization"},"image":{"@id":"https:\/\/lightweb.dev\/l\/svm-temp\/nyheter\/14-miljoner-sanktioner-upphavs-efter-grundlagsvidrigt-nationellt-nodlage\/#primaryimage"},"thumbnailUrl":"https:\/\/lightweb.dev\/l\/svm-temp\/wp-content\/uploads\/2022\/05\/14-miljoner-sanktioner-upphavs-efter-grundlagsvidrigt-nationellt-nodlage.png","articleSection":["Arkiv","Nyheter"],"inLanguage":"sv-SE"},{"@type":"WebPage","@id":"https:\/\/lightweb.dev\/l\/svm-temp\/nyheter\/14-miljoner-sanktioner-upphavs-efter-grundlagsvidrigt-nationellt-nodlage\/","url":"https:\/\/lightweb.dev\/l\/svm-temp\/nyheter\/14-miljoner-sanktioner-upphavs-efter-grundlagsvidrigt-nationellt-nodlage\/","name":"1,4 miljoner sanktioner upph\u00e4vs efter grundlagsvidrigt nationellt n\u00f6dl\u00e4ge - Svenska Magasinet","isPartOf":{"@id":"https:\/\/lightweb.dev\/l\/svm-temp\/#website"},"primaryImageOfPage":{"@id":"https:\/\/lightweb.dev\/l\/svm-temp\/nyheter\/14-miljoner-sanktioner-upphavs-efter-grundlagsvidrigt-nationellt-nodlage\/#primaryimage"},"image":{"@id":"https:\/\/lightweb.dev\/l\/svm-temp\/nyheter\/14-miljoner-sanktioner-upphavs-efter-grundlagsvidrigt-nationellt-nodlage\/#primaryimage"},"thumbnailUrl":"https:\/\/lightweb.dev\/l\/svm-temp\/wp-content\/uploads\/2022\/05\/14-miljoner-sanktioner-upphavs-efter-grundlagsvidrigt-nationellt-nodlage.png","datePublished":"2022-04-18T08:52:00+00:00","breadcrumb":{"@id":"https:\/\/lightweb.dev\/l\/svm-temp\/nyheter\/14-miljoner-sanktioner-upphavs-efter-grundlagsvidrigt-nationellt-nodlage\/#breadcrumb"},"inLanguage":"sv-SE","potentialAction":[{"@type":"ReadAction","target":["https:\/\/lightweb.dev\/l\/svm-temp\/nyheter\/14-miljoner-sanktioner-upphavs-efter-grundlagsvidrigt-nationellt-nodlage\/"]}]},{"@type":"ImageObject","inLanguage":"sv-SE","@id":"https:\/\/lightweb.dev\/l\/svm-temp\/nyheter\/14-miljoner-sanktioner-upphavs-efter-grundlagsvidrigt-nationellt-nodlage\/#primaryimage","url":"https:\/\/lightweb.dev\/l\/svm-temp\/wp-content\/uploads\/2022\/05\/14-miljoner-sanktioner-upphavs-efter-grundlagsvidrigt-nationellt-nodlage.png","contentUrl":"https:\/\/lightweb.dev\/l\/svm-temp\/wp-content\/uploads\/2022\/05\/14-miljoner-sanktioner-upphavs-efter-grundlagsvidrigt-nationellt-nodlage.png","width":500,"height":300},{"@type":"BreadcrumbList","@id":"https:\/\/lightweb.dev\/l\/svm-temp\/nyheter\/14-miljoner-sanktioner-upphavs-efter-grundlagsvidrigt-nationellt-nodlage\/#breadcrumb","itemListElement":[{"@type":"ListItem","position":1,"name":"Hem","item":"https:\/\/lightweb.dev\/l\/svm-temp\/"},{"@type":"ListItem","position":2,"name":"1,4 miljoner sanktioner upph\u00e4vs efter grundlagsvidrigt nationellt n\u00f6dl\u00e4ge"}]},{"@type":"WebSite","@id":"https:\/\/lightweb.dev\/l\/svm-temp\/#website","url":"https:\/\/lightweb.dev\/l\/svm-temp\/","name":"Svenska Magasinet","description":"Dina Spanska nyheter p&aring; Svenska","publisher":{"@id":"https:\/\/lightweb.dev\/l\/svm-temp\/#organization"},"potentialAction":[{"@type":"SearchAction","target":{"@type":"EntryPoint","urlTemplate":"https:\/\/lightweb.dev\/l\/svm-temp\/?s={search_term_string}"},"query-input":{"@type":"PropertyValueSpecification","valueRequired":true,"valueName":"search_term_string"}}],"inLanguage":"sv-SE"},{"@type":"Organization","@id":"https:\/\/lightweb.dev\/l\/svm-temp\/#organization","name":"Melkerson y Nott SL","alternateName":"Svenska Magasinet","url":"https:\/\/lightweb.dev\/l\/svm-temp\/","logo":{"@type":"ImageObject","inLanguage":"sv-SE","@id":"https:\/\/lightweb.dev\/l\/svm-temp\/#\/schema\/logo\/image\/","url":"https:\/\/lightweb.dev\/l\/svm-temp\/wp-content\/uploads\/2025\/02\/SvM-logo-Xtra-Centrerad-SVART.png","contentUrl":"https:\/\/lightweb.dev\/l\/svm-temp\/wp-content\/uploads\/2025\/02\/SvM-logo-Xtra-Centrerad-SVART.png","width":300,"height":99,"caption":"Melkerson y Nott SL"},"image":{"@id":"https:\/\/lightweb.dev\/l\/svm-temp\/#\/schema\/logo\/image\/"},"sameAs":["https:\/\/www.facebook.com\/svenskamagasinet","https:\/\/x.com\/SvenskaMagasine"]},{"@type":"Person","@id":"https:\/\/lightweb.dev\/l\/svm-temp\/#\/schema\/person\/206a3bda5b607b0c25e1749191e4d837","name":"Redaktionen SvM","description":"Redaktionen","sameAs":["https:\/\/lightweb.dev\/l\/svm-temp"],"url":"https:\/\/lightweb.dev\/l\/svm-temp\/reporter\/redaktionen\/"}]}},"_links":{"self":[{"href":"https:\/\/lightweb.dev\/l\/svm-temp\/wp-json\/wp\/v2\/posts\/9644","targetHints":{"allow":["GET"]}}],"collection":[{"href":"https:\/\/lightweb.dev\/l\/svm-temp\/wp-json\/wp\/v2\/posts"}],"about":[{"href":"https:\/\/lightweb.dev\/l\/svm-temp\/wp-json\/wp\/v2\/types\/post"}],"author":[{"embeddable":true,"href":"https:\/\/lightweb.dev\/l\/svm-temp\/wp-json\/wp\/v2\/users\/8"}],"replies":[{"embeddable":true,"href":"https:\/\/lightweb.dev\/l\/svm-temp\/wp-json\/wp\/v2\/comments?post=9644"}],"version-history":[{"count":0,"href":"https:\/\/lightweb.dev\/l\/svm-temp\/wp-json\/wp\/v2\/posts\/9644\/revisions"}],"wp:featuredmedia":[{"embeddable":true,"href":"https:\/\/lightweb.dev\/l\/svm-temp\/wp-json\/wp\/v2\/media\/9645"}],"wp:attachment":[{"href":"https:\/\/lightweb.dev\/l\/svm-temp\/wp-json\/wp\/v2\/media?parent=9644"}],"wp:term":[{"taxonomy":"category","embeddable":true,"href":"https:\/\/lightweb.dev\/l\/svm-temp\/wp-json\/wp\/v2\/categories?post=9644"},{"taxonomy":"post_tag","embeddable":true,"href":"https:\/\/lightweb.dev\/l\/svm-temp\/wp-json\/wp\/v2\/tags?post=9644"}],"curies":[{"name":"wp","href":"https:\/\/api.w.org\/{rel}","templated":true}]}}