{"id":9646,"date":"2022-04-18T15:36:00","date_gmt":"2022-04-18T13:36:00","guid":{"rendered":"https:\/\/lightweb.dev\/l\/svm-temp\/100-storre-solcellsparker-planeras-i-provinsen\/"},"modified":"2022-04-18T15:36:00","modified_gmt":"2022-04-18T13:36:00","slug":"100-storre-solcellsparker-planeras-i-provinsen","status":"publish","type":"post","link":"https:\/\/lightweb.dev\/l\/svm-temp\/nyheter\/100-storre-solcellsparker-planeras-i-provinsen\/","title":{"rendered":"100 st\u00f6rre solcellsparker planeras i provinsen"},"content":{"rendered":"<p> M\u00e1laga \u00e4r en av provinserna i Andalusien som \u00f6kar mest n\u00e4r det g\u00e4ller gr\u00f6n energi. I dagsl\u00e4get finns det 25 vindkraftsparker i provinsen som bidrar med 628 megawatt (MW).<br \/>\n Solcellsparkerna \u00e4r f\u00e4rre. De finns i nul\u00e4get bara tv\u00e5 plus ett dussintal mindre anl\u00e4ggningar p\u00e5 platser som Teba, Ardales, Antequera, Campillos och Casabermeja som totalt bidrar med 211,5 megawatt enligt siffror fr\u00e5n Agencia Andaluza de la Energ\u00eda.<\/p>\n<p>Med tanke p\u00e5 det enorma utbud av soltimmar som finns i s\u00f6dra Spanien finns det planer p\u00e5 att ut\u00f6ka solcellsparkerna. Med hj\u00e4lp av EU-finansiering finns det planer p\u00e5 inte mindre \u00e4n 100 nya solcellsparker skriver Diario SUR p\u00e5 m\u00e5ndagen. Det g\u00e4ller anl\u00e4ggningar f\u00f6r elproduktion med f\u00f6rnybar energi.<\/p>\n<p>Samtidigt finns det \u00e4ven ett motst\u00e5nd mot projekt med st\u00f6rre solcellsparker. Francisco Salado, president vid provinsstyrelsen Diputac\u00edon, s\u00e4ger att \u201dvi \u00e4r f\u00f6r f\u00f6rnybara energik\u00e4llor men inte p\u00e5 ett kaotiskt och oorganiserat s\u00e4tt\u201d.<\/p>\n<p>L\u00e4s mer: Protester n\u00e4r inlandet f\u00f6rvandlas till solcellsparker<\/p>\n<p>Det g\u00e4ller att ta h\u00e4nsyn till flera saker ur milj\u00f6, landskaps, turist- och m\u00e4nsklig synvinkel. Vissa kommuner ska inte beh\u00f6va \u00f6versv\u00e4mmas av solpaneler om det strider mot deras kriterier.<\/p>\n<p>N\u00e5gra av de kommuner d\u00e4r st\u00f6rre solcellsparker ska byggas \u00e4r Gauc\u00edn, Ca\u00f1ete och Almargen<\/p>\n<p>(Foto: Freepik)<\/p>\n","protected":false},"excerpt":{"rendered":"<p>M\u00e1laga \u00e4r en av provinserna i Andalusien som \u00f6kar mest n\u00e4r det g\u00e4ller gr\u00f6n energi. I dagsl\u00e4get finns det 25 vindkraftsparker i provinsen som bidrar med 628 megawatt (MW). Solcellsparkerna \u00e4r f\u00e4rre. De finns i nul\u00e4get bara tv\u00e5 plus ett dussintal mindre anl\u00e4ggningar p\u00e5 platser som Teba, Ardales, Antequera, Campillos och Casabermeja som totalt bidrar [&hellip;]<\/p>\n","protected":false},"author":8,"featured_media":9647,"comment_status":"open","ping_status":"open","sticky":false,"template":"","format":"standard","meta":{"_et_pb_use_builder":"","_et_pb_old_content":"","_et_gb_content_width":"","footnotes":""},"categories":[395,3],"tags":[],"class_list":["post-9646","post","type-post","status-publish","format-standard","has-post-thumbnail","hentry","category-arkiv-nyheter","category-nyheter"],"yoast_head":"<!-- This site is optimized with the Yoast SEO Premium plugin v26.2 (Yoast SEO v27.4) - https:\/\/yoast.com\/product\/yoast-seo-premium-wordpress\/ -->\n<title>100 st\u00f6rre solcellsparker planeras i provinsen - Svenska Magasinet<\/title>\n<meta name=\"robots\" content=\"noindex, follow, max-snippet:-1, max-image-preview:large, max-video-preview:-1\" \/>\n<meta property=\"og:locale\" content=\"sv_SE\" \/>\n<meta property=\"og:type\" content=\"article\" \/>\n<meta property=\"og:title\" content=\"100 st\u00f6rre solcellsparker planeras i provinsen\" \/>\n<meta property=\"og:description\" content=\"M\u00e1laga \u00e4r en av provinserna i Andalusien som \u00f6kar mest n\u00e4r det g\u00e4ller gr\u00f6n energi. I dagsl\u00e4get finns det 25 vindkraftsparker i provinsen som bidrar med 628 megawatt (MW). Solcellsparkerna \u00e4r f\u00e4rre. De finns i nul\u00e4get bara tv\u00e5 plus ett dussintal mindre anl\u00e4ggningar p\u00e5 platser som Teba, Ardales, Antequera, Campillos och Casabermeja som totalt bidrar [&hellip;]\" \/>\n<meta property=\"og:url\" content=\"https:\/\/lightweb.dev\/l\/svm-temp\/nyheter\/100-storre-solcellsparker-planeras-i-provinsen\/\" \/>\n<meta property=\"og:site_name\" content=\"Svenska Magasinet\" \/>\n<meta property=\"article:publisher\" content=\"https:\/\/www.facebook.com\/svenskamagasinet\" \/>\n<meta property=\"article:published_time\" content=\"2022-04-18T13:36:00+00:00\" \/>\n<meta property=\"og:image\" content=\"https:\/\/lightweb.dev\/l\/svm-temp\/wp-content\/uploads\/2022\/05\/100-storre-solcellsparker-planeras-i-provinsen.png\" \/>\n\t<meta property=\"og:image:width\" content=\"500\" \/>\n\t<meta property=\"og:image:height\" content=\"300\" \/>\n\t<meta property=\"og:image:type\" content=\"image\/png\" \/>\n<meta name=\"author\" content=\"Redaktionen SvM\" \/>\n<meta name=\"twitter:card\" content=\"summary_large_image\" \/>\n<meta name=\"twitter:creator\" content=\"@SvenskaMagasine\" \/>\n<meta name=\"twitter:site\" content=\"@SvenskaMagasine\" \/>\n<script type=\"application\/ld+json\" class=\"yoast-schema-graph\">{\"@context\":\"https:\\\/\\\/schema.org\",\"@graph\":[{\"@type\":\"Article\",\"@id\":\"https:\\\/\\\/lightweb.dev\\\/l\\\/svm-temp\\\/nyheter\\\/100-storre-solcellsparker-planeras-i-provinsen\\\/#article\",\"isPartOf\":{\"@id\":\"https:\\\/\\\/lightweb.dev\\\/l\\\/svm-temp\\\/nyheter\\\/100-storre-solcellsparker-planeras-i-provinsen\\\/\"},\"author\":{\"name\":\"Redaktionen SvM\",\"@id\":\"https:\\\/\\\/lightweb.dev\\\/l\\\/svm-temp\\\/#\\\/schema\\\/person\\\/206a3bda5b607b0c25e1749191e4d837\"},\"headline\":\"100 st\u00f6rre solcellsparker planeras i provinsen\",\"datePublished\":\"2022-04-18T13:36:00+00:00\",\"mainEntityOfPage\":{\"@id\":\"https:\\\/\\\/lightweb.dev\\\/l\\\/svm-temp\\\/nyheter\\\/100-storre-solcellsparker-planeras-i-provinsen\\\/\"},\"wordCount\":239,\"commentCount\":0,\"publisher\":{\"@id\":\"https:\\\/\\\/lightweb.dev\\\/l\\\/svm-temp\\\/#organization\"},\"image\":{\"@id\":\"https:\\\/\\\/lightweb.dev\\\/l\\\/svm-temp\\\/nyheter\\\/100-storre-solcellsparker-planeras-i-provinsen\\\/#primaryimage\"},\"thumbnailUrl\":\"https:\\\/\\\/lightweb.dev\\\/l\\\/svm-temp\\\/wp-content\\\/uploads\\\/2022\\\/05\\\/100-storre-solcellsparker-planeras-i-provinsen.png\",\"articleSection\":[\"Arkiv\",\"Nyheter\"],\"inLanguage\":\"sv-SE\"},{\"@type\":\"WebPage\",\"@id\":\"https:\\\/\\\/lightweb.dev\\\/l\\\/svm-temp\\\/nyheter\\\/100-storre-solcellsparker-planeras-i-provinsen\\\/\",\"url\":\"https:\\\/\\\/lightweb.dev\\\/l\\\/svm-temp\\\/nyheter\\\/100-storre-solcellsparker-planeras-i-provinsen\\\/\",\"name\":\"100 st\u00f6rre solcellsparker planeras i provinsen - Svenska Magasinet\",\"isPartOf\":{\"@id\":\"https:\\\/\\\/lightweb.dev\\\/l\\\/svm-temp\\\/#website\"},\"primaryImageOfPage\":{\"@id\":\"https:\\\/\\\/lightweb.dev\\\/l\\\/svm-temp\\\/nyheter\\\/100-storre-solcellsparker-planeras-i-provinsen\\\/#primaryimage\"},\"image\":{\"@id\":\"https:\\\/\\\/lightweb.dev\\\/l\\\/svm-temp\\\/nyheter\\\/100-storre-solcellsparker-planeras-i-provinsen\\\/#primaryimage\"},\"thumbnailUrl\":\"https:\\\/\\\/lightweb.dev\\\/l\\\/svm-temp\\\/wp-content\\\/uploads\\\/2022\\\/05\\\/100-storre-solcellsparker-planeras-i-provinsen.png\",\"datePublished\":\"2022-04-18T13:36:00+00:00\",\"breadcrumb\":{\"@id\":\"https:\\\/\\\/lightweb.dev\\\/l\\\/svm-temp\\\/nyheter\\\/100-storre-solcellsparker-planeras-i-provinsen\\\/#breadcrumb\"},\"inLanguage\":\"sv-SE\",\"potentialAction\":[{\"@type\":\"ReadAction\",\"target\":[\"https:\\\/\\\/lightweb.dev\\\/l\\\/svm-temp\\\/nyheter\\\/100-storre-solcellsparker-planeras-i-provinsen\\\/\"]}]},{\"@type\":\"ImageObject\",\"inLanguage\":\"sv-SE\",\"@id\":\"https:\\\/\\\/lightweb.dev\\\/l\\\/svm-temp\\\/nyheter\\\/100-storre-solcellsparker-planeras-i-provinsen\\\/#primaryimage\",\"url\":\"https:\\\/\\\/lightweb.dev\\\/l\\\/svm-temp\\\/wp-content\\\/uploads\\\/2022\\\/05\\\/100-storre-solcellsparker-planeras-i-provinsen.png\",\"contentUrl\":\"https:\\\/\\\/lightweb.dev\\\/l\\\/svm-temp\\\/wp-content\\\/uploads\\\/2022\\\/05\\\/100-storre-solcellsparker-planeras-i-provinsen.png\",\"width\":500,\"height\":300},{\"@type\":\"BreadcrumbList\",\"@id\":\"https:\\\/\\\/lightweb.dev\\\/l\\\/svm-temp\\\/nyheter\\\/100-storre-solcellsparker-planeras-i-provinsen\\\/#breadcrumb\",\"itemListElement\":[{\"@type\":\"ListItem\",\"position\":1,\"name\":\"Hem\",\"item\":\"https:\\\/\\\/lightweb.dev\\\/l\\\/svm-temp\\\/\"},{\"@type\":\"ListItem\",\"position\":2,\"name\":\"100 st\u00f6rre solcellsparker planeras i provinsen\"}]},{\"@type\":\"WebSite\",\"@id\":\"https:\\\/\\\/lightweb.dev\\\/l\\\/svm-temp\\\/#website\",\"url\":\"https:\\\/\\\/lightweb.dev\\\/l\\\/svm-temp\\\/\",\"name\":\"Svenska Magasinet\",\"description\":\"Dina Spanska nyheter p&aring; Svenska\",\"publisher\":{\"@id\":\"https:\\\/\\\/lightweb.dev\\\/l\\\/svm-temp\\\/#organization\"},\"potentialAction\":[{\"@type\":\"SearchAction\",\"target\":{\"@type\":\"EntryPoint\",\"urlTemplate\":\"https:\\\/\\\/lightweb.dev\\\/l\\\/svm-temp\\\/?s={search_term_string}\"},\"query-input\":{\"@type\":\"PropertyValueSpecification\",\"valueRequired\":true,\"valueName\":\"search_term_string\"}}],\"inLanguage\":\"sv-SE\"},{\"@type\":\"Organization\",\"@id\":\"https:\\\/\\\/lightweb.dev\\\/l\\\/svm-temp\\\/#organization\",\"name\":\"Melkerson y Nott SL\",\"alternateName\":\"Svenska Magasinet\",\"url\":\"https:\\\/\\\/lightweb.dev\\\/l\\\/svm-temp\\\/\",\"logo\":{\"@type\":\"ImageObject\",\"inLanguage\":\"sv-SE\",\"@id\":\"https:\\\/\\\/lightweb.dev\\\/l\\\/svm-temp\\\/#\\\/schema\\\/logo\\\/image\\\/\",\"url\":\"https:\\\/\\\/lightweb.dev\\\/l\\\/svm-temp\\\/wp-content\\\/uploads\\\/2025\\\/02\\\/SvM-logo-Xtra-Centrerad-SVART.png\",\"contentUrl\":\"https:\\\/\\\/lightweb.dev\\\/l\\\/svm-temp\\\/wp-content\\\/uploads\\\/2025\\\/02\\\/SvM-logo-Xtra-Centrerad-SVART.png\",\"width\":300,\"height\":99,\"caption\":\"Melkerson y Nott SL\"},\"image\":{\"@id\":\"https:\\\/\\\/lightweb.dev\\\/l\\\/svm-temp\\\/#\\\/schema\\\/logo\\\/image\\\/\"},\"sameAs\":[\"https:\\\/\\\/www.facebook.com\\\/svenskamagasinet\",\"https:\\\/\\\/x.com\\\/SvenskaMagasine\"]},{\"@type\":\"Person\",\"@id\":\"https:\\\/\\\/lightweb.dev\\\/l\\\/svm-temp\\\/#\\\/schema\\\/person\\\/206a3bda5b607b0c25e1749191e4d837\",\"name\":\"Redaktionen SvM\",\"description\":\"Redaktionen\",\"sameAs\":[\"https:\\\/\\\/lightweb.dev\\\/l\\\/svm-temp\"],\"url\":\"https:\\\/\\\/lightweb.dev\\\/l\\\/svm-temp\\\/reporter\\\/redaktionen\\\/\"}]}<\/script>\n<!-- \/ Yoast SEO Premium plugin. -->","yoast_head_json":{"title":"100 st\u00f6rre solcellsparker planeras i provinsen - Svenska Magasinet","robots":{"index":"noindex","follow":"follow","max-snippet":"max-snippet:-1","max-image-preview":"max-image-preview:large","max-video-preview":"max-video-preview:-1"},"og_locale":"sv_SE","og_type":"article","og_title":"100 st\u00f6rre solcellsparker planeras i provinsen","og_description":"M\u00e1laga \u00e4r en av provinserna i Andalusien som \u00f6kar mest n\u00e4r det g\u00e4ller gr\u00f6n energi. I dagsl\u00e4get finns det 25 vindkraftsparker i provinsen som bidrar med 628 megawatt (MW). Solcellsparkerna \u00e4r f\u00e4rre. De finns i nul\u00e4get bara tv\u00e5 plus ett dussintal mindre anl\u00e4ggningar p\u00e5 platser som Teba, Ardales, Antequera, Campillos och Casabermeja som totalt bidrar [&hellip;]","og_url":"https:\/\/lightweb.dev\/l\/svm-temp\/nyheter\/100-storre-solcellsparker-planeras-i-provinsen\/","og_site_name":"Svenska Magasinet","article_publisher":"https:\/\/www.facebook.com\/svenskamagasinet","article_published_time":"2022-04-18T13:36:00+00:00","og_image":[{"width":500,"height":300,"url":"https:\/\/lightweb.dev\/l\/svm-temp\/wp-content\/uploads\/2022\/05\/100-storre-solcellsparker-planeras-i-provinsen.png","type":"image\/png"}],"author":"Redaktionen SvM","twitter_card":"summary_large_image","twitter_creator":"@SvenskaMagasine","twitter_site":"@SvenskaMagasine","schema":{"@context":"https:\/\/schema.org","@graph":[{"@type":"Article","@id":"https:\/\/lightweb.dev\/l\/svm-temp\/nyheter\/100-storre-solcellsparker-planeras-i-provinsen\/#article","isPartOf":{"@id":"https:\/\/lightweb.dev\/l\/svm-temp\/nyheter\/100-storre-solcellsparker-planeras-i-provinsen\/"},"author":{"name":"Redaktionen SvM","@id":"https:\/\/lightweb.dev\/l\/svm-temp\/#\/schema\/person\/206a3bda5b607b0c25e1749191e4d837"},"headline":"100 st\u00f6rre solcellsparker planeras i provinsen","datePublished":"2022-04-18T13:36:00+00:00","mainEntityOfPage":{"@id":"https:\/\/lightweb.dev\/l\/svm-temp\/nyheter\/100-storre-solcellsparker-planeras-i-provinsen\/"},"wordCount":239,"commentCount":0,"publisher":{"@id":"https:\/\/lightweb.dev\/l\/svm-temp\/#organization"},"image":{"@id":"https:\/\/lightweb.dev\/l\/svm-temp\/nyheter\/100-storre-solcellsparker-planeras-i-provinsen\/#primaryimage"},"thumbnailUrl":"https:\/\/lightweb.dev\/l\/svm-temp\/wp-content\/uploads\/2022\/05\/100-storre-solcellsparker-planeras-i-provinsen.png","articleSection":["Arkiv","Nyheter"],"inLanguage":"sv-SE"},{"@type":"WebPage","@id":"https:\/\/lightweb.dev\/l\/svm-temp\/nyheter\/100-storre-solcellsparker-planeras-i-provinsen\/","url":"https:\/\/lightweb.dev\/l\/svm-temp\/nyheter\/100-storre-solcellsparker-planeras-i-provinsen\/","name":"100 st\u00f6rre solcellsparker planeras i provinsen - Svenska Magasinet","isPartOf":{"@id":"https:\/\/lightweb.dev\/l\/svm-temp\/#website"},"primaryImageOfPage":{"@id":"https:\/\/lightweb.dev\/l\/svm-temp\/nyheter\/100-storre-solcellsparker-planeras-i-provinsen\/#primaryimage"},"image":{"@id":"https:\/\/lightweb.dev\/l\/svm-temp\/nyheter\/100-storre-solcellsparker-planeras-i-provinsen\/#primaryimage"},"thumbnailUrl":"https:\/\/lightweb.dev\/l\/svm-temp\/wp-content\/uploads\/2022\/05\/100-storre-solcellsparker-planeras-i-provinsen.png","datePublished":"2022-04-18T13:36:00+00:00","breadcrumb":{"@id":"https:\/\/lightweb.dev\/l\/svm-temp\/nyheter\/100-storre-solcellsparker-planeras-i-provinsen\/#breadcrumb"},"inLanguage":"sv-SE","potentialAction":[{"@type":"ReadAction","target":["https:\/\/lightweb.dev\/l\/svm-temp\/nyheter\/100-storre-solcellsparker-planeras-i-provinsen\/"]}]},{"@type":"ImageObject","inLanguage":"sv-SE","@id":"https:\/\/lightweb.dev\/l\/svm-temp\/nyheter\/100-storre-solcellsparker-planeras-i-provinsen\/#primaryimage","url":"https:\/\/lightweb.dev\/l\/svm-temp\/wp-content\/uploads\/2022\/05\/100-storre-solcellsparker-planeras-i-provinsen.png","contentUrl":"https:\/\/lightweb.dev\/l\/svm-temp\/wp-content\/uploads\/2022\/05\/100-storre-solcellsparker-planeras-i-provinsen.png","width":500,"height":300},{"@type":"BreadcrumbList","@id":"https:\/\/lightweb.dev\/l\/svm-temp\/nyheter\/100-storre-solcellsparker-planeras-i-provinsen\/#breadcrumb","itemListElement":[{"@type":"ListItem","position":1,"name":"Hem","item":"https:\/\/lightweb.dev\/l\/svm-temp\/"},{"@type":"ListItem","position":2,"name":"100 st\u00f6rre solcellsparker planeras i provinsen"}]},{"@type":"WebSite","@id":"https:\/\/lightweb.dev\/l\/svm-temp\/#website","url":"https:\/\/lightweb.dev\/l\/svm-temp\/","name":"Svenska Magasinet","description":"Dina Spanska nyheter p&aring; Svenska","publisher":{"@id":"https:\/\/lightweb.dev\/l\/svm-temp\/#organization"},"potentialAction":[{"@type":"SearchAction","target":{"@type":"EntryPoint","urlTemplate":"https:\/\/lightweb.dev\/l\/svm-temp\/?s={search_term_string}"},"query-input":{"@type":"PropertyValueSpecification","valueRequired":true,"valueName":"search_term_string"}}],"inLanguage":"sv-SE"},{"@type":"Organization","@id":"https:\/\/lightweb.dev\/l\/svm-temp\/#organization","name":"Melkerson y Nott SL","alternateName":"Svenska Magasinet","url":"https:\/\/lightweb.dev\/l\/svm-temp\/","logo":{"@type":"ImageObject","inLanguage":"sv-SE","@id":"https:\/\/lightweb.dev\/l\/svm-temp\/#\/schema\/logo\/image\/","url":"https:\/\/lightweb.dev\/l\/svm-temp\/wp-content\/uploads\/2025\/02\/SvM-logo-Xtra-Centrerad-SVART.png","contentUrl":"https:\/\/lightweb.dev\/l\/svm-temp\/wp-content\/uploads\/2025\/02\/SvM-logo-Xtra-Centrerad-SVART.png","width":300,"height":99,"caption":"Melkerson y Nott SL"},"image":{"@id":"https:\/\/lightweb.dev\/l\/svm-temp\/#\/schema\/logo\/image\/"},"sameAs":["https:\/\/www.facebook.com\/svenskamagasinet","https:\/\/x.com\/SvenskaMagasine"]},{"@type":"Person","@id":"https:\/\/lightweb.dev\/l\/svm-temp\/#\/schema\/person\/206a3bda5b607b0c25e1749191e4d837","name":"Redaktionen SvM","description":"Redaktionen","sameAs":["https:\/\/lightweb.dev\/l\/svm-temp"],"url":"https:\/\/lightweb.dev\/l\/svm-temp\/reporter\/redaktionen\/"}]}},"_links":{"self":[{"href":"https:\/\/lightweb.dev\/l\/svm-temp\/wp-json\/wp\/v2\/posts\/9646","targetHints":{"allow":["GET"]}}],"collection":[{"href":"https:\/\/lightweb.dev\/l\/svm-temp\/wp-json\/wp\/v2\/posts"}],"about":[{"href":"https:\/\/lightweb.dev\/l\/svm-temp\/wp-json\/wp\/v2\/types\/post"}],"author":[{"embeddable":true,"href":"https:\/\/lightweb.dev\/l\/svm-temp\/wp-json\/wp\/v2\/users\/8"}],"replies":[{"embeddable":true,"href":"https:\/\/lightweb.dev\/l\/svm-temp\/wp-json\/wp\/v2\/comments?post=9646"}],"version-history":[{"count":0,"href":"https:\/\/lightweb.dev\/l\/svm-temp\/wp-json\/wp\/v2\/posts\/9646\/revisions"}],"wp:featuredmedia":[{"embeddable":true,"href":"https:\/\/lightweb.dev\/l\/svm-temp\/wp-json\/wp\/v2\/media\/9647"}],"wp:attachment":[{"href":"https:\/\/lightweb.dev\/l\/svm-temp\/wp-json\/wp\/v2\/media?parent=9646"}],"wp:term":[{"taxonomy":"category","embeddable":true,"href":"https:\/\/lightweb.dev\/l\/svm-temp\/wp-json\/wp\/v2\/categories?post=9646"},{"taxonomy":"post_tag","embeddable":true,"href":"https:\/\/lightweb.dev\/l\/svm-temp\/wp-json\/wp\/v2\/tags?post=9646"}],"curies":[{"name":"wp","href":"https:\/\/api.w.org\/{rel}","templated":true}]}}