{"id":9670,"date":"2022-04-08T10:19:00","date_gmt":"2022-04-08T08:19:00","guid":{"rendered":"https:\/\/lightweb.dev\/l\/svm-temp\/malaga-flygplats-redovisar-91-procent-av-trafiken-fran-pasken-2019\/"},"modified":"2022-04-08T10:19:00","modified_gmt":"2022-04-08T08:19:00","slug":"malaga-flygplats-redovisar-91-procent-av-trafiken-fran-pasken-2019","status":"publish","type":"post","link":"https:\/\/lightweb.dev\/l\/svm-temp\/nyheter\/malaga-flygplats-redovisar-91-procent-av-trafiken-fran-pasken-2019\/","title":{"rendered":"M\u00e1laga flygplats redovisar 91 procent av trafiken fr\u00e5n p\u00e5sken 2019"},"content":{"rendered":"<p> Dags f\u00f6r Semana Santa och p\u00e5skveckan vilket \u00e4r startskottet f\u00f6r h\u00f6gs\u00e4songen i turistbranschen. 4.424 flyg varav 3.500 utrikesflyg v\u00e4ntar p\u00e5 M\u00e1laga flygplats under veckan fram till m\u00e5ndagen den 18 april. Det \u00e4r 91 procent j\u00e4mf\u00f6rt med trafiken vid p\u00e5sken 2019, \u00e5ret f\u00f6re pandemin.<br \/>\n \u00c5rets p\u00e5skvecka i Spanien blir den f\u00f6rsta sedan 2019 utan n\u00e5gra restriktioner i resandet. Det \u00e4r bara krav p\u00e5 munskydd i offentlig inomhusmilj\u00f6 som g\u00e4ller i Spanien. Och det kravet lyfts efter p\u00e5skveckan den 20 april.<\/p>\n<p>I morgon l\u00f6rdag (9\/4) blir det en stor resdag f\u00f6r m\u00e5nga. Totalt 456 flyg finns p\u00e5 programmet f\u00f6r M\u00e1laga flygplats varav 340 g\u00e4ller utrikesflyg.<\/p>\n<p>Andra stora resdagar under kommande vecka blir l\u00e5ngfredagen med 430 flyg och p\u00e5skafton plus p\u00e5skdagen med 440 respektive 422 flyg.<\/p>\n<p>L\u00e4s mer: Kravet p\u00e5 h\u00e4lsodeklarationen f\u00f6r inresande h\u00e4vs f\u00f6r dem med EU:s covidintyg<\/p>\n","protected":false},"excerpt":{"rendered":"<p>Dags f\u00f6r Semana Santa och p\u00e5skveckan vilket \u00e4r startskottet f\u00f6r h\u00f6gs\u00e4songen i turistbranschen. 4.424 flyg varav 3.500 utrikesflyg v\u00e4ntar p\u00e5 M\u00e1laga flygplats under veckan fram till m\u00e5ndagen den 18 april. Det \u00e4r 91 procent j\u00e4mf\u00f6rt med trafiken vid p\u00e5sken 2019, \u00e5ret f\u00f6re pandemin. \u00c5rets p\u00e5skvecka i Spanien blir den f\u00f6rsta sedan 2019 utan n\u00e5gra restriktioner [&hellip;]<\/p>\n","protected":false},"author":8,"featured_media":9671,"comment_status":"open","ping_status":"open","sticky":false,"template":"","format":"standard","meta":{"_et_pb_use_builder":"","_et_pb_old_content":"","_et_gb_content_width":"","footnotes":""},"categories":[395,3],"tags":[],"class_list":["post-9670","post","type-post","status-publish","format-standard","has-post-thumbnail","hentry","category-arkiv-nyheter","category-nyheter"],"yoast_head":"<!-- This site is optimized with the Yoast SEO Premium plugin v26.2 (Yoast SEO v27.4) - https:\/\/yoast.com\/product\/yoast-seo-premium-wordpress\/ -->\n<title>M\u00e1laga flygplats redovisar 91 procent av trafiken fr\u00e5n p\u00e5sken 2019 - Svenska Magasinet<\/title>\n<meta name=\"robots\" content=\"noindex, follow, max-snippet:-1, max-image-preview:large, max-video-preview:-1\" \/>\n<meta property=\"og:locale\" content=\"sv_SE\" \/>\n<meta property=\"og:type\" content=\"article\" \/>\n<meta property=\"og:title\" content=\"M\u00e1laga flygplats redovisar 91 procent av trafiken fr\u00e5n p\u00e5sken 2019\" \/>\n<meta property=\"og:description\" content=\"Dags f\u00f6r Semana Santa och p\u00e5skveckan vilket \u00e4r startskottet f\u00f6r h\u00f6gs\u00e4songen i turistbranschen. 4.424 flyg varav 3.500 utrikesflyg v\u00e4ntar p\u00e5 M\u00e1laga flygplats under veckan fram till m\u00e5ndagen den 18 april. Det \u00e4r 91 procent j\u00e4mf\u00f6rt med trafiken vid p\u00e5sken 2019, \u00e5ret f\u00f6re pandemin. \u00c5rets p\u00e5skvecka i Spanien blir den f\u00f6rsta sedan 2019 utan n\u00e5gra restriktioner [&hellip;]\" \/>\n<meta property=\"og:url\" content=\"https:\/\/lightweb.dev\/l\/svm-temp\/nyheter\/malaga-flygplats-redovisar-91-procent-av-trafiken-fran-pasken-2019\/\" \/>\n<meta property=\"og:site_name\" content=\"Svenska Magasinet\" \/>\n<meta property=\"article:publisher\" content=\"https:\/\/www.facebook.com\/svenskamagasinet\" \/>\n<meta property=\"article:published_time\" content=\"2022-04-08T08:19:00+00:00\" \/>\n<meta property=\"og:image\" content=\"https:\/\/lightweb.dev\/l\/svm-temp\/wp-content\/uploads\/2022\/05\/malaga-flygplats-redovisar-91-procent-av-trafiken-fran-pasken-2019.png\" \/>\n\t<meta property=\"og:image:width\" content=\"500\" \/>\n\t<meta property=\"og:image:height\" content=\"300\" \/>\n\t<meta property=\"og:image:type\" content=\"image\/png\" \/>\n<meta name=\"author\" content=\"Redaktionen SvM\" \/>\n<meta name=\"twitter:card\" content=\"summary_large_image\" \/>\n<meta name=\"twitter:creator\" content=\"@SvenskaMagasine\" \/>\n<meta name=\"twitter:site\" content=\"@SvenskaMagasine\" \/>\n<script type=\"application\/ld+json\" class=\"yoast-schema-graph\">{\"@context\":\"https:\\\/\\\/schema.org\",\"@graph\":[{\"@type\":\"Article\",\"@id\":\"https:\\\/\\\/lightweb.dev\\\/l\\\/svm-temp\\\/nyheter\\\/malaga-flygplats-redovisar-91-procent-av-trafiken-fran-pasken-2019\\\/#article\",\"isPartOf\":{\"@id\":\"https:\\\/\\\/lightweb.dev\\\/l\\\/svm-temp\\\/nyheter\\\/malaga-flygplats-redovisar-91-procent-av-trafiken-fran-pasken-2019\\\/\"},\"author\":{\"name\":\"Redaktionen SvM\",\"@id\":\"https:\\\/\\\/lightweb.dev\\\/l\\\/svm-temp\\\/#\\\/schema\\\/person\\\/206a3bda5b607b0c25e1749191e4d837\"},\"headline\":\"M\u00e1laga flygplats redovisar 91 procent av trafiken fr\u00e5n p\u00e5sken 2019\",\"datePublished\":\"2022-04-08T08:19:00+00:00\",\"mainEntityOfPage\":{\"@id\":\"https:\\\/\\\/lightweb.dev\\\/l\\\/svm-temp\\\/nyheter\\\/malaga-flygplats-redovisar-91-procent-av-trafiken-fran-pasken-2019\\\/\"},\"wordCount\":166,\"commentCount\":0,\"publisher\":{\"@id\":\"https:\\\/\\\/lightweb.dev\\\/l\\\/svm-temp\\\/#organization\"},\"image\":{\"@id\":\"https:\\\/\\\/lightweb.dev\\\/l\\\/svm-temp\\\/nyheter\\\/malaga-flygplats-redovisar-91-procent-av-trafiken-fran-pasken-2019\\\/#primaryimage\"},\"thumbnailUrl\":\"https:\\\/\\\/lightweb.dev\\\/l\\\/svm-temp\\\/wp-content\\\/uploads\\\/2022\\\/05\\\/malaga-flygplats-redovisar-91-procent-av-trafiken-fran-pasken-2019.png\",\"articleSection\":[\"Arkiv\",\"Nyheter\"],\"inLanguage\":\"sv-SE\"},{\"@type\":\"WebPage\",\"@id\":\"https:\\\/\\\/lightweb.dev\\\/l\\\/svm-temp\\\/nyheter\\\/malaga-flygplats-redovisar-91-procent-av-trafiken-fran-pasken-2019\\\/\",\"url\":\"https:\\\/\\\/lightweb.dev\\\/l\\\/svm-temp\\\/nyheter\\\/malaga-flygplats-redovisar-91-procent-av-trafiken-fran-pasken-2019\\\/\",\"name\":\"M\u00e1laga flygplats redovisar 91 procent av trafiken fr\u00e5n p\u00e5sken 2019 - Svenska Magasinet\",\"isPartOf\":{\"@id\":\"https:\\\/\\\/lightweb.dev\\\/l\\\/svm-temp\\\/#website\"},\"primaryImageOfPage\":{\"@id\":\"https:\\\/\\\/lightweb.dev\\\/l\\\/svm-temp\\\/nyheter\\\/malaga-flygplats-redovisar-91-procent-av-trafiken-fran-pasken-2019\\\/#primaryimage\"},\"image\":{\"@id\":\"https:\\\/\\\/lightweb.dev\\\/l\\\/svm-temp\\\/nyheter\\\/malaga-flygplats-redovisar-91-procent-av-trafiken-fran-pasken-2019\\\/#primaryimage\"},\"thumbnailUrl\":\"https:\\\/\\\/lightweb.dev\\\/l\\\/svm-temp\\\/wp-content\\\/uploads\\\/2022\\\/05\\\/malaga-flygplats-redovisar-91-procent-av-trafiken-fran-pasken-2019.png\",\"datePublished\":\"2022-04-08T08:19:00+00:00\",\"breadcrumb\":{\"@id\":\"https:\\\/\\\/lightweb.dev\\\/l\\\/svm-temp\\\/nyheter\\\/malaga-flygplats-redovisar-91-procent-av-trafiken-fran-pasken-2019\\\/#breadcrumb\"},\"inLanguage\":\"sv-SE\",\"potentialAction\":[{\"@type\":\"ReadAction\",\"target\":[\"https:\\\/\\\/lightweb.dev\\\/l\\\/svm-temp\\\/nyheter\\\/malaga-flygplats-redovisar-91-procent-av-trafiken-fran-pasken-2019\\\/\"]}]},{\"@type\":\"ImageObject\",\"inLanguage\":\"sv-SE\",\"@id\":\"https:\\\/\\\/lightweb.dev\\\/l\\\/svm-temp\\\/nyheter\\\/malaga-flygplats-redovisar-91-procent-av-trafiken-fran-pasken-2019\\\/#primaryimage\",\"url\":\"https:\\\/\\\/lightweb.dev\\\/l\\\/svm-temp\\\/wp-content\\\/uploads\\\/2022\\\/05\\\/malaga-flygplats-redovisar-91-procent-av-trafiken-fran-pasken-2019.png\",\"contentUrl\":\"https:\\\/\\\/lightweb.dev\\\/l\\\/svm-temp\\\/wp-content\\\/uploads\\\/2022\\\/05\\\/malaga-flygplats-redovisar-91-procent-av-trafiken-fran-pasken-2019.png\",\"width\":500,\"height\":300},{\"@type\":\"BreadcrumbList\",\"@id\":\"https:\\\/\\\/lightweb.dev\\\/l\\\/svm-temp\\\/nyheter\\\/malaga-flygplats-redovisar-91-procent-av-trafiken-fran-pasken-2019\\\/#breadcrumb\",\"itemListElement\":[{\"@type\":\"ListItem\",\"position\":1,\"name\":\"Hem\",\"item\":\"https:\\\/\\\/lightweb.dev\\\/l\\\/svm-temp\\\/\"},{\"@type\":\"ListItem\",\"position\":2,\"name\":\"M\u00e1laga flygplats redovisar 91 procent av trafiken fr\u00e5n p\u00e5sken 2019\"}]},{\"@type\":\"WebSite\",\"@id\":\"https:\\\/\\\/lightweb.dev\\\/l\\\/svm-temp\\\/#website\",\"url\":\"https:\\\/\\\/lightweb.dev\\\/l\\\/svm-temp\\\/\",\"name\":\"Svenska Magasinet\",\"description\":\"Dina Spanska nyheter p&aring; Svenska\",\"publisher\":{\"@id\":\"https:\\\/\\\/lightweb.dev\\\/l\\\/svm-temp\\\/#organization\"},\"potentialAction\":[{\"@type\":\"SearchAction\",\"target\":{\"@type\":\"EntryPoint\",\"urlTemplate\":\"https:\\\/\\\/lightweb.dev\\\/l\\\/svm-temp\\\/?s={search_term_string}\"},\"query-input\":{\"@type\":\"PropertyValueSpecification\",\"valueRequired\":true,\"valueName\":\"search_term_string\"}}],\"inLanguage\":\"sv-SE\"},{\"@type\":\"Organization\",\"@id\":\"https:\\\/\\\/lightweb.dev\\\/l\\\/svm-temp\\\/#organization\",\"name\":\"Melkerson y Nott SL\",\"alternateName\":\"Svenska Magasinet\",\"url\":\"https:\\\/\\\/lightweb.dev\\\/l\\\/svm-temp\\\/\",\"logo\":{\"@type\":\"ImageObject\",\"inLanguage\":\"sv-SE\",\"@id\":\"https:\\\/\\\/lightweb.dev\\\/l\\\/svm-temp\\\/#\\\/schema\\\/logo\\\/image\\\/\",\"url\":\"https:\\\/\\\/lightweb.dev\\\/l\\\/svm-temp\\\/wp-content\\\/uploads\\\/2025\\\/02\\\/SvM-logo-Xtra-Centrerad-SVART.png\",\"contentUrl\":\"https:\\\/\\\/lightweb.dev\\\/l\\\/svm-temp\\\/wp-content\\\/uploads\\\/2025\\\/02\\\/SvM-logo-Xtra-Centrerad-SVART.png\",\"width\":300,\"height\":99,\"caption\":\"Melkerson y Nott SL\"},\"image\":{\"@id\":\"https:\\\/\\\/lightweb.dev\\\/l\\\/svm-temp\\\/#\\\/schema\\\/logo\\\/image\\\/\"},\"sameAs\":[\"https:\\\/\\\/www.facebook.com\\\/svenskamagasinet\",\"https:\\\/\\\/x.com\\\/SvenskaMagasine\"]},{\"@type\":\"Person\",\"@id\":\"https:\\\/\\\/lightweb.dev\\\/l\\\/svm-temp\\\/#\\\/schema\\\/person\\\/206a3bda5b607b0c25e1749191e4d837\",\"name\":\"Redaktionen SvM\",\"description\":\"Redaktionen\",\"sameAs\":[\"https:\\\/\\\/lightweb.dev\\\/l\\\/svm-temp\"],\"url\":\"https:\\\/\\\/lightweb.dev\\\/l\\\/svm-temp\\\/reporter\\\/redaktionen\\\/\"}]}<\/script>\n<!-- \/ Yoast SEO Premium plugin. -->","yoast_head_json":{"title":"M\u00e1laga flygplats redovisar 91 procent av trafiken fr\u00e5n p\u00e5sken 2019 - Svenska Magasinet","robots":{"index":"noindex","follow":"follow","max-snippet":"max-snippet:-1","max-image-preview":"max-image-preview:large","max-video-preview":"max-video-preview:-1"},"og_locale":"sv_SE","og_type":"article","og_title":"M\u00e1laga flygplats redovisar 91 procent av trafiken fr\u00e5n p\u00e5sken 2019","og_description":"Dags f\u00f6r Semana Santa och p\u00e5skveckan vilket \u00e4r startskottet f\u00f6r h\u00f6gs\u00e4songen i turistbranschen. 4.424 flyg varav 3.500 utrikesflyg v\u00e4ntar p\u00e5 M\u00e1laga flygplats under veckan fram till m\u00e5ndagen den 18 april. Det \u00e4r 91 procent j\u00e4mf\u00f6rt med trafiken vid p\u00e5sken 2019, \u00e5ret f\u00f6re pandemin. \u00c5rets p\u00e5skvecka i Spanien blir den f\u00f6rsta sedan 2019 utan n\u00e5gra restriktioner [&hellip;]","og_url":"https:\/\/lightweb.dev\/l\/svm-temp\/nyheter\/malaga-flygplats-redovisar-91-procent-av-trafiken-fran-pasken-2019\/","og_site_name":"Svenska Magasinet","article_publisher":"https:\/\/www.facebook.com\/svenskamagasinet","article_published_time":"2022-04-08T08:19:00+00:00","og_image":[{"width":500,"height":300,"url":"https:\/\/lightweb.dev\/l\/svm-temp\/wp-content\/uploads\/2022\/05\/malaga-flygplats-redovisar-91-procent-av-trafiken-fran-pasken-2019.png","type":"image\/png"}],"author":"Redaktionen SvM","twitter_card":"summary_large_image","twitter_creator":"@SvenskaMagasine","twitter_site":"@SvenskaMagasine","schema":{"@context":"https:\/\/schema.org","@graph":[{"@type":"Article","@id":"https:\/\/lightweb.dev\/l\/svm-temp\/nyheter\/malaga-flygplats-redovisar-91-procent-av-trafiken-fran-pasken-2019\/#article","isPartOf":{"@id":"https:\/\/lightweb.dev\/l\/svm-temp\/nyheter\/malaga-flygplats-redovisar-91-procent-av-trafiken-fran-pasken-2019\/"},"author":{"name":"Redaktionen SvM","@id":"https:\/\/lightweb.dev\/l\/svm-temp\/#\/schema\/person\/206a3bda5b607b0c25e1749191e4d837"},"headline":"M\u00e1laga flygplats redovisar 91 procent av trafiken fr\u00e5n p\u00e5sken 2019","datePublished":"2022-04-08T08:19:00+00:00","mainEntityOfPage":{"@id":"https:\/\/lightweb.dev\/l\/svm-temp\/nyheter\/malaga-flygplats-redovisar-91-procent-av-trafiken-fran-pasken-2019\/"},"wordCount":166,"commentCount":0,"publisher":{"@id":"https:\/\/lightweb.dev\/l\/svm-temp\/#organization"},"image":{"@id":"https:\/\/lightweb.dev\/l\/svm-temp\/nyheter\/malaga-flygplats-redovisar-91-procent-av-trafiken-fran-pasken-2019\/#primaryimage"},"thumbnailUrl":"https:\/\/lightweb.dev\/l\/svm-temp\/wp-content\/uploads\/2022\/05\/malaga-flygplats-redovisar-91-procent-av-trafiken-fran-pasken-2019.png","articleSection":["Arkiv","Nyheter"],"inLanguage":"sv-SE"},{"@type":"WebPage","@id":"https:\/\/lightweb.dev\/l\/svm-temp\/nyheter\/malaga-flygplats-redovisar-91-procent-av-trafiken-fran-pasken-2019\/","url":"https:\/\/lightweb.dev\/l\/svm-temp\/nyheter\/malaga-flygplats-redovisar-91-procent-av-trafiken-fran-pasken-2019\/","name":"M\u00e1laga flygplats redovisar 91 procent av trafiken fr\u00e5n p\u00e5sken 2019 - Svenska Magasinet","isPartOf":{"@id":"https:\/\/lightweb.dev\/l\/svm-temp\/#website"},"primaryImageOfPage":{"@id":"https:\/\/lightweb.dev\/l\/svm-temp\/nyheter\/malaga-flygplats-redovisar-91-procent-av-trafiken-fran-pasken-2019\/#primaryimage"},"image":{"@id":"https:\/\/lightweb.dev\/l\/svm-temp\/nyheter\/malaga-flygplats-redovisar-91-procent-av-trafiken-fran-pasken-2019\/#primaryimage"},"thumbnailUrl":"https:\/\/lightweb.dev\/l\/svm-temp\/wp-content\/uploads\/2022\/05\/malaga-flygplats-redovisar-91-procent-av-trafiken-fran-pasken-2019.png","datePublished":"2022-04-08T08:19:00+00:00","breadcrumb":{"@id":"https:\/\/lightweb.dev\/l\/svm-temp\/nyheter\/malaga-flygplats-redovisar-91-procent-av-trafiken-fran-pasken-2019\/#breadcrumb"},"inLanguage":"sv-SE","potentialAction":[{"@type":"ReadAction","target":["https:\/\/lightweb.dev\/l\/svm-temp\/nyheter\/malaga-flygplats-redovisar-91-procent-av-trafiken-fran-pasken-2019\/"]}]},{"@type":"ImageObject","inLanguage":"sv-SE","@id":"https:\/\/lightweb.dev\/l\/svm-temp\/nyheter\/malaga-flygplats-redovisar-91-procent-av-trafiken-fran-pasken-2019\/#primaryimage","url":"https:\/\/lightweb.dev\/l\/svm-temp\/wp-content\/uploads\/2022\/05\/malaga-flygplats-redovisar-91-procent-av-trafiken-fran-pasken-2019.png","contentUrl":"https:\/\/lightweb.dev\/l\/svm-temp\/wp-content\/uploads\/2022\/05\/malaga-flygplats-redovisar-91-procent-av-trafiken-fran-pasken-2019.png","width":500,"height":300},{"@type":"BreadcrumbList","@id":"https:\/\/lightweb.dev\/l\/svm-temp\/nyheter\/malaga-flygplats-redovisar-91-procent-av-trafiken-fran-pasken-2019\/#breadcrumb","itemListElement":[{"@type":"ListItem","position":1,"name":"Hem","item":"https:\/\/lightweb.dev\/l\/svm-temp\/"},{"@type":"ListItem","position":2,"name":"M\u00e1laga flygplats redovisar 91 procent av trafiken fr\u00e5n p\u00e5sken 2019"}]},{"@type":"WebSite","@id":"https:\/\/lightweb.dev\/l\/svm-temp\/#website","url":"https:\/\/lightweb.dev\/l\/svm-temp\/","name":"Svenska Magasinet","description":"Dina Spanska nyheter p&aring; Svenska","publisher":{"@id":"https:\/\/lightweb.dev\/l\/svm-temp\/#organization"},"potentialAction":[{"@type":"SearchAction","target":{"@type":"EntryPoint","urlTemplate":"https:\/\/lightweb.dev\/l\/svm-temp\/?s={search_term_string}"},"query-input":{"@type":"PropertyValueSpecification","valueRequired":true,"valueName":"search_term_string"}}],"inLanguage":"sv-SE"},{"@type":"Organization","@id":"https:\/\/lightweb.dev\/l\/svm-temp\/#organization","name":"Melkerson y Nott SL","alternateName":"Svenska Magasinet","url":"https:\/\/lightweb.dev\/l\/svm-temp\/","logo":{"@type":"ImageObject","inLanguage":"sv-SE","@id":"https:\/\/lightweb.dev\/l\/svm-temp\/#\/schema\/logo\/image\/","url":"https:\/\/lightweb.dev\/l\/svm-temp\/wp-content\/uploads\/2025\/02\/SvM-logo-Xtra-Centrerad-SVART.png","contentUrl":"https:\/\/lightweb.dev\/l\/svm-temp\/wp-content\/uploads\/2025\/02\/SvM-logo-Xtra-Centrerad-SVART.png","width":300,"height":99,"caption":"Melkerson y Nott SL"},"image":{"@id":"https:\/\/lightweb.dev\/l\/svm-temp\/#\/schema\/logo\/image\/"},"sameAs":["https:\/\/www.facebook.com\/svenskamagasinet","https:\/\/x.com\/SvenskaMagasine"]},{"@type":"Person","@id":"https:\/\/lightweb.dev\/l\/svm-temp\/#\/schema\/person\/206a3bda5b607b0c25e1749191e4d837","name":"Redaktionen SvM","description":"Redaktionen","sameAs":["https:\/\/lightweb.dev\/l\/svm-temp"],"url":"https:\/\/lightweb.dev\/l\/svm-temp\/reporter\/redaktionen\/"}]}},"_links":{"self":[{"href":"https:\/\/lightweb.dev\/l\/svm-temp\/wp-json\/wp\/v2\/posts\/9670","targetHints":{"allow":["GET"]}}],"collection":[{"href":"https:\/\/lightweb.dev\/l\/svm-temp\/wp-json\/wp\/v2\/posts"}],"about":[{"href":"https:\/\/lightweb.dev\/l\/svm-temp\/wp-json\/wp\/v2\/types\/post"}],"author":[{"embeddable":true,"href":"https:\/\/lightweb.dev\/l\/svm-temp\/wp-json\/wp\/v2\/users\/8"}],"replies":[{"embeddable":true,"href":"https:\/\/lightweb.dev\/l\/svm-temp\/wp-json\/wp\/v2\/comments?post=9670"}],"version-history":[{"count":0,"href":"https:\/\/lightweb.dev\/l\/svm-temp\/wp-json\/wp\/v2\/posts\/9670\/revisions"}],"wp:featuredmedia":[{"embeddable":true,"href":"https:\/\/lightweb.dev\/l\/svm-temp\/wp-json\/wp\/v2\/media\/9671"}],"wp:attachment":[{"href":"https:\/\/lightweb.dev\/l\/svm-temp\/wp-json\/wp\/v2\/media?parent=9670"}],"wp:term":[{"taxonomy":"category","embeddable":true,"href":"https:\/\/lightweb.dev\/l\/svm-temp\/wp-json\/wp\/v2\/categories?post=9670"},{"taxonomy":"post_tag","embeddable":true,"href":"https:\/\/lightweb.dev\/l\/svm-temp\/wp-json\/wp\/v2\/tags?post=9670"}],"curies":[{"name":"wp","href":"https:\/\/api.w.org\/{rel}","templated":true}]}}