{"id":9676,"date":"2022-04-07T10:37:00","date_gmt":"2022-04-07T08:37:00","guid":{"rendered":"https:\/\/lightweb.dev\/l\/svm-temp\/inflationen-tidigarelagger-regionvalet-i-andalusien\/"},"modified":"2022-04-07T10:37:00","modified_gmt":"2022-04-07T08:37:00","slug":"inflationen-tidigarelagger-regionvalet-i-andalusien","status":"publish","type":"post","link":"https:\/\/lightweb.dev\/l\/svm-temp\/nyheter\/inflationen-tidigarelagger-regionvalet-i-andalusien\/","title":{"rendered":"Inflationen tidigarel\u00e4gger regionvalet i Andalusien"},"content":{"rendered":"<p> Andalusien beh\u00f6ver en budget f\u00f6r att m\u00f6ta den \u00f6kade inflationen. Av det sk\u00e4let planerar regionpresidenten Juanma Moreno att tidigarel\u00e4gga regionvalet till juni m\u00e5nad. Han kommer att fatta beslutet efter att ha tr\u00e4ffat b\u00e5de riksbanken och Europeiska centralbanken.<br \/>\n Regionvalet i Andalusien var planerat att h\u00e5llas i slutet p\u00e5 \u00e5ret. Regeringspartiet Partido Popular har dock ingen majoritet i Andalusiens regionala parlament. I dagsl\u00e4get har de st\u00f6d av Ciudadanos men det r\u00e4cker inte.<\/p>\n<p>Ytterkantsh\u00f6gerpartiet Vox som tidigare var st\u00f6dparti har l\u00e4mnat samarbetet.<\/p>\n<p>Med en skenande inflation som \u00e4r den h\u00f6gsta sedan 1980-talet \u00e4r behovet stort av en budget. Men det finns inget budgetst\u00f6d i nul\u00e4get.<\/p>\n<p>Enligt regionpresidenten Juanma Moreno \u00e4r det orsaken till att regionvalet b\u00f6r h\u00e5llas tidigare.<\/p>\n<p>Och l\u00e4get \u00e4r gynnsamt f\u00f6r Partido Popular att vinna n\u00e4sta regionval i Andalusien. En f\u00e4rsk opinionsunders\u00f6kning som publicerades p\u00e5 onsdagen fr\u00e5n CENTRA (Centro de Estudios Andaluces) visar att PP skulle f\u00e5 34 procent av r\u00f6sterna vilket skulle ge 43\/44 mandat. Parlamentet har 109 ledam\u00f6ter.<\/p>\n<p>Det nuvarande regeringspartnern Ciudadanos st\u00f6rtdyker och minskar fr\u00e5n 18,3 procent till 4,3 procent.<\/p>\n<p>D\u00e4remot \u00f6kar ytterkantsh\u00f6gerpartiet Vox stort och g\u00e5r fr\u00e5n 11 procent till 19 procent.<\/p>\n<p>Det skulle betyda att Partido Popular m\u00e5ste s\u00f6ka st\u00f6d av Vox f\u00f6r att kunna bilda regering. Vox har \u00e4ven rest kravet p\u00e5 att ing\u00e5 i regionregeringen efter n\u00e4sta val.<\/p>\n<p>P\u00e5 v\u00e4nstersidan backar det st\u00f6rsta oppositionspartiet PSOE fr\u00e5n 27,9 procent till 25,3 procent i opinionsunders\u00f6kningen. V\u00e4nsterpartiet Adelante Andalucia minskar fr\u00e5n 16,2 procent till 2,8 procent och tappar v\u00e4ljare till Unidas Podemos som f\u00e5r 9,1 procent.<\/p>\n<p>Bland andalusierna v\u00e4rderas den nuvarande regionpresidenten Juanma Moreno h\u00f6gst som f\u00e5r betyget 5,60. Andraplatsen delas mellan Vox Macarena Olona och Ciudadanos Juan Mar\u00edn som f\u00e5r betyget 4,92.<\/p>\n<p>Bildtext: Under g\u00e5rdagen tr\u00e4ffade Andalusiens regionpresident Juanma Moreno (t. v.) spanska riksbankens chef Pablo Hern\u00e1ndez de Cos.<\/p>\n","protected":false},"excerpt":{"rendered":"<p>Andalusien beh\u00f6ver en budget f\u00f6r att m\u00f6ta den \u00f6kade inflationen. Av det sk\u00e4let planerar regionpresidenten Juanma Moreno att tidigarel\u00e4gga regionvalet till juni m\u00e5nad. Han kommer att fatta beslutet efter att ha tr\u00e4ffat b\u00e5de riksbanken och Europeiska centralbanken. Regionvalet i Andalusien var planerat att h\u00e5llas i slutet p\u00e5 \u00e5ret. Regeringspartiet Partido Popular har dock ingen majoritet [&hellip;]<\/p>\n","protected":false},"author":8,"featured_media":9677,"comment_status":"open","ping_status":"open","sticky":false,"template":"","format":"standard","meta":{"_et_pb_use_builder":"","_et_pb_old_content":"","_et_gb_content_width":"","footnotes":""},"categories":[395,3],"tags":[],"class_list":["post-9676","post","type-post","status-publish","format-standard","has-post-thumbnail","hentry","category-arkiv-nyheter","category-nyheter"],"yoast_head":"<!-- This site is optimized with the Yoast SEO Premium plugin v26.2 (Yoast SEO v27.4) - https:\/\/yoast.com\/product\/yoast-seo-premium-wordpress\/ -->\n<title>Inflationen tidigarel\u00e4gger regionvalet i Andalusien - Svenska Magasinet<\/title>\n<meta name=\"robots\" content=\"noindex, follow, max-snippet:-1, max-image-preview:large, max-video-preview:-1\" \/>\n<meta property=\"og:locale\" content=\"sv_SE\" \/>\n<meta property=\"og:type\" content=\"article\" \/>\n<meta property=\"og:title\" content=\"Inflationen tidigarel\u00e4gger regionvalet i Andalusien\" \/>\n<meta property=\"og:description\" content=\"Andalusien beh\u00f6ver en budget f\u00f6r att m\u00f6ta den \u00f6kade inflationen. Av det sk\u00e4let planerar regionpresidenten Juanma Moreno att tidigarel\u00e4gga regionvalet till juni m\u00e5nad. Han kommer att fatta beslutet efter att ha tr\u00e4ffat b\u00e5de riksbanken och Europeiska centralbanken. Regionvalet i Andalusien var planerat att h\u00e5llas i slutet p\u00e5 \u00e5ret. Regeringspartiet Partido Popular har dock ingen majoritet [&hellip;]\" \/>\n<meta property=\"og:url\" content=\"https:\/\/lightweb.dev\/l\/svm-temp\/nyheter\/inflationen-tidigarelagger-regionvalet-i-andalusien\/\" \/>\n<meta property=\"og:site_name\" content=\"Svenska Magasinet\" \/>\n<meta property=\"article:publisher\" content=\"https:\/\/www.facebook.com\/svenskamagasinet\" \/>\n<meta property=\"article:published_time\" content=\"2022-04-07T08:37:00+00:00\" \/>\n<meta property=\"og:image\" content=\"https:\/\/lightweb.dev\/l\/svm-temp\/wp-content\/uploads\/2022\/05\/inflationen-tidigarelagger-regionvalet-i-andalusien.png\" \/>\n\t<meta property=\"og:image:width\" content=\"500\" \/>\n\t<meta property=\"og:image:height\" content=\"300\" \/>\n\t<meta property=\"og:image:type\" content=\"image\/png\" \/>\n<meta name=\"author\" content=\"Redaktionen SvM\" \/>\n<meta name=\"twitter:card\" content=\"summary_large_image\" \/>\n<meta name=\"twitter:creator\" content=\"@SvenskaMagasine\" \/>\n<meta name=\"twitter:site\" content=\"@SvenskaMagasine\" \/>\n<script type=\"application\/ld+json\" class=\"yoast-schema-graph\">{\"@context\":\"https:\\\/\\\/schema.org\",\"@graph\":[{\"@type\":\"Article\",\"@id\":\"https:\\\/\\\/lightweb.dev\\\/l\\\/svm-temp\\\/nyheter\\\/inflationen-tidigarelagger-regionvalet-i-andalusien\\\/#article\",\"isPartOf\":{\"@id\":\"https:\\\/\\\/lightweb.dev\\\/l\\\/svm-temp\\\/nyheter\\\/inflationen-tidigarelagger-regionvalet-i-andalusien\\\/\"},\"author\":{\"name\":\"Redaktionen SvM\",\"@id\":\"https:\\\/\\\/lightweb.dev\\\/l\\\/svm-temp\\\/#\\\/schema\\\/person\\\/206a3bda5b607b0c25e1749191e4d837\"},\"headline\":\"Inflationen tidigarel\u00e4gger regionvalet i Andalusien\",\"datePublished\":\"2022-04-07T08:37:00+00:00\",\"mainEntityOfPage\":{\"@id\":\"https:\\\/\\\/lightweb.dev\\\/l\\\/svm-temp\\\/nyheter\\\/inflationen-tidigarelagger-regionvalet-i-andalusien\\\/\"},\"wordCount\":340,\"commentCount\":0,\"publisher\":{\"@id\":\"https:\\\/\\\/lightweb.dev\\\/l\\\/svm-temp\\\/#organization\"},\"image\":{\"@id\":\"https:\\\/\\\/lightweb.dev\\\/l\\\/svm-temp\\\/nyheter\\\/inflationen-tidigarelagger-regionvalet-i-andalusien\\\/#primaryimage\"},\"thumbnailUrl\":\"https:\\\/\\\/lightweb.dev\\\/l\\\/svm-temp\\\/wp-content\\\/uploads\\\/2022\\\/05\\\/inflationen-tidigarelagger-regionvalet-i-andalusien.png\",\"articleSection\":[\"Arkiv\",\"Nyheter\"],\"inLanguage\":\"sv-SE\"},{\"@type\":\"WebPage\",\"@id\":\"https:\\\/\\\/lightweb.dev\\\/l\\\/svm-temp\\\/nyheter\\\/inflationen-tidigarelagger-regionvalet-i-andalusien\\\/\",\"url\":\"https:\\\/\\\/lightweb.dev\\\/l\\\/svm-temp\\\/nyheter\\\/inflationen-tidigarelagger-regionvalet-i-andalusien\\\/\",\"name\":\"Inflationen tidigarel\u00e4gger regionvalet i Andalusien - Svenska Magasinet\",\"isPartOf\":{\"@id\":\"https:\\\/\\\/lightweb.dev\\\/l\\\/svm-temp\\\/#website\"},\"primaryImageOfPage\":{\"@id\":\"https:\\\/\\\/lightweb.dev\\\/l\\\/svm-temp\\\/nyheter\\\/inflationen-tidigarelagger-regionvalet-i-andalusien\\\/#primaryimage\"},\"image\":{\"@id\":\"https:\\\/\\\/lightweb.dev\\\/l\\\/svm-temp\\\/nyheter\\\/inflationen-tidigarelagger-regionvalet-i-andalusien\\\/#primaryimage\"},\"thumbnailUrl\":\"https:\\\/\\\/lightweb.dev\\\/l\\\/svm-temp\\\/wp-content\\\/uploads\\\/2022\\\/05\\\/inflationen-tidigarelagger-regionvalet-i-andalusien.png\",\"datePublished\":\"2022-04-07T08:37:00+00:00\",\"breadcrumb\":{\"@id\":\"https:\\\/\\\/lightweb.dev\\\/l\\\/svm-temp\\\/nyheter\\\/inflationen-tidigarelagger-regionvalet-i-andalusien\\\/#breadcrumb\"},\"inLanguage\":\"sv-SE\",\"potentialAction\":[{\"@type\":\"ReadAction\",\"target\":[\"https:\\\/\\\/lightweb.dev\\\/l\\\/svm-temp\\\/nyheter\\\/inflationen-tidigarelagger-regionvalet-i-andalusien\\\/\"]}]},{\"@type\":\"ImageObject\",\"inLanguage\":\"sv-SE\",\"@id\":\"https:\\\/\\\/lightweb.dev\\\/l\\\/svm-temp\\\/nyheter\\\/inflationen-tidigarelagger-regionvalet-i-andalusien\\\/#primaryimage\",\"url\":\"https:\\\/\\\/lightweb.dev\\\/l\\\/svm-temp\\\/wp-content\\\/uploads\\\/2022\\\/05\\\/inflationen-tidigarelagger-regionvalet-i-andalusien.png\",\"contentUrl\":\"https:\\\/\\\/lightweb.dev\\\/l\\\/svm-temp\\\/wp-content\\\/uploads\\\/2022\\\/05\\\/inflationen-tidigarelagger-regionvalet-i-andalusien.png\",\"width\":500,\"height\":300},{\"@type\":\"BreadcrumbList\",\"@id\":\"https:\\\/\\\/lightweb.dev\\\/l\\\/svm-temp\\\/nyheter\\\/inflationen-tidigarelagger-regionvalet-i-andalusien\\\/#breadcrumb\",\"itemListElement\":[{\"@type\":\"ListItem\",\"position\":1,\"name\":\"Hem\",\"item\":\"https:\\\/\\\/lightweb.dev\\\/l\\\/svm-temp\\\/\"},{\"@type\":\"ListItem\",\"position\":2,\"name\":\"Inflationen tidigarel\u00e4gger regionvalet i Andalusien\"}]},{\"@type\":\"WebSite\",\"@id\":\"https:\\\/\\\/lightweb.dev\\\/l\\\/svm-temp\\\/#website\",\"url\":\"https:\\\/\\\/lightweb.dev\\\/l\\\/svm-temp\\\/\",\"name\":\"Svenska Magasinet\",\"description\":\"Dina Spanska nyheter p&aring; Svenska\",\"publisher\":{\"@id\":\"https:\\\/\\\/lightweb.dev\\\/l\\\/svm-temp\\\/#organization\"},\"potentialAction\":[{\"@type\":\"SearchAction\",\"target\":{\"@type\":\"EntryPoint\",\"urlTemplate\":\"https:\\\/\\\/lightweb.dev\\\/l\\\/svm-temp\\\/?s={search_term_string}\"},\"query-input\":{\"@type\":\"PropertyValueSpecification\",\"valueRequired\":true,\"valueName\":\"search_term_string\"}}],\"inLanguage\":\"sv-SE\"},{\"@type\":\"Organization\",\"@id\":\"https:\\\/\\\/lightweb.dev\\\/l\\\/svm-temp\\\/#organization\",\"name\":\"Melkerson y Nott SL\",\"alternateName\":\"Svenska Magasinet\",\"url\":\"https:\\\/\\\/lightweb.dev\\\/l\\\/svm-temp\\\/\",\"logo\":{\"@type\":\"ImageObject\",\"inLanguage\":\"sv-SE\",\"@id\":\"https:\\\/\\\/lightweb.dev\\\/l\\\/svm-temp\\\/#\\\/schema\\\/logo\\\/image\\\/\",\"url\":\"https:\\\/\\\/lightweb.dev\\\/l\\\/svm-temp\\\/wp-content\\\/uploads\\\/2025\\\/02\\\/SvM-logo-Xtra-Centrerad-SVART.png\",\"contentUrl\":\"https:\\\/\\\/lightweb.dev\\\/l\\\/svm-temp\\\/wp-content\\\/uploads\\\/2025\\\/02\\\/SvM-logo-Xtra-Centrerad-SVART.png\",\"width\":300,\"height\":99,\"caption\":\"Melkerson y Nott SL\"},\"image\":{\"@id\":\"https:\\\/\\\/lightweb.dev\\\/l\\\/svm-temp\\\/#\\\/schema\\\/logo\\\/image\\\/\"},\"sameAs\":[\"https:\\\/\\\/www.facebook.com\\\/svenskamagasinet\",\"https:\\\/\\\/x.com\\\/SvenskaMagasine\"]},{\"@type\":\"Person\",\"@id\":\"https:\\\/\\\/lightweb.dev\\\/l\\\/svm-temp\\\/#\\\/schema\\\/person\\\/206a3bda5b607b0c25e1749191e4d837\",\"name\":\"Redaktionen SvM\",\"description\":\"Redaktionen\",\"sameAs\":[\"https:\\\/\\\/lightweb.dev\\\/l\\\/svm-temp\"],\"url\":\"https:\\\/\\\/lightweb.dev\\\/l\\\/svm-temp\\\/reporter\\\/redaktionen\\\/\"}]}<\/script>\n<!-- \/ Yoast SEO Premium plugin. -->","yoast_head_json":{"title":"Inflationen tidigarel\u00e4gger regionvalet i Andalusien - Svenska Magasinet","robots":{"index":"noindex","follow":"follow","max-snippet":"max-snippet:-1","max-image-preview":"max-image-preview:large","max-video-preview":"max-video-preview:-1"},"og_locale":"sv_SE","og_type":"article","og_title":"Inflationen tidigarel\u00e4gger regionvalet i Andalusien","og_description":"Andalusien beh\u00f6ver en budget f\u00f6r att m\u00f6ta den \u00f6kade inflationen. Av det sk\u00e4let planerar regionpresidenten Juanma Moreno att tidigarel\u00e4gga regionvalet till juni m\u00e5nad. Han kommer att fatta beslutet efter att ha tr\u00e4ffat b\u00e5de riksbanken och Europeiska centralbanken. Regionvalet i Andalusien var planerat att h\u00e5llas i slutet p\u00e5 \u00e5ret. Regeringspartiet Partido Popular har dock ingen majoritet [&hellip;]","og_url":"https:\/\/lightweb.dev\/l\/svm-temp\/nyheter\/inflationen-tidigarelagger-regionvalet-i-andalusien\/","og_site_name":"Svenska Magasinet","article_publisher":"https:\/\/www.facebook.com\/svenskamagasinet","article_published_time":"2022-04-07T08:37:00+00:00","og_image":[{"width":500,"height":300,"url":"https:\/\/lightweb.dev\/l\/svm-temp\/wp-content\/uploads\/2022\/05\/inflationen-tidigarelagger-regionvalet-i-andalusien.png","type":"image\/png"}],"author":"Redaktionen SvM","twitter_card":"summary_large_image","twitter_creator":"@SvenskaMagasine","twitter_site":"@SvenskaMagasine","schema":{"@context":"https:\/\/schema.org","@graph":[{"@type":"Article","@id":"https:\/\/lightweb.dev\/l\/svm-temp\/nyheter\/inflationen-tidigarelagger-regionvalet-i-andalusien\/#article","isPartOf":{"@id":"https:\/\/lightweb.dev\/l\/svm-temp\/nyheter\/inflationen-tidigarelagger-regionvalet-i-andalusien\/"},"author":{"name":"Redaktionen SvM","@id":"https:\/\/lightweb.dev\/l\/svm-temp\/#\/schema\/person\/206a3bda5b607b0c25e1749191e4d837"},"headline":"Inflationen tidigarel\u00e4gger regionvalet i Andalusien","datePublished":"2022-04-07T08:37:00+00:00","mainEntityOfPage":{"@id":"https:\/\/lightweb.dev\/l\/svm-temp\/nyheter\/inflationen-tidigarelagger-regionvalet-i-andalusien\/"},"wordCount":340,"commentCount":0,"publisher":{"@id":"https:\/\/lightweb.dev\/l\/svm-temp\/#organization"},"image":{"@id":"https:\/\/lightweb.dev\/l\/svm-temp\/nyheter\/inflationen-tidigarelagger-regionvalet-i-andalusien\/#primaryimage"},"thumbnailUrl":"https:\/\/lightweb.dev\/l\/svm-temp\/wp-content\/uploads\/2022\/05\/inflationen-tidigarelagger-regionvalet-i-andalusien.png","articleSection":["Arkiv","Nyheter"],"inLanguage":"sv-SE"},{"@type":"WebPage","@id":"https:\/\/lightweb.dev\/l\/svm-temp\/nyheter\/inflationen-tidigarelagger-regionvalet-i-andalusien\/","url":"https:\/\/lightweb.dev\/l\/svm-temp\/nyheter\/inflationen-tidigarelagger-regionvalet-i-andalusien\/","name":"Inflationen tidigarel\u00e4gger regionvalet i Andalusien - Svenska Magasinet","isPartOf":{"@id":"https:\/\/lightweb.dev\/l\/svm-temp\/#website"},"primaryImageOfPage":{"@id":"https:\/\/lightweb.dev\/l\/svm-temp\/nyheter\/inflationen-tidigarelagger-regionvalet-i-andalusien\/#primaryimage"},"image":{"@id":"https:\/\/lightweb.dev\/l\/svm-temp\/nyheter\/inflationen-tidigarelagger-regionvalet-i-andalusien\/#primaryimage"},"thumbnailUrl":"https:\/\/lightweb.dev\/l\/svm-temp\/wp-content\/uploads\/2022\/05\/inflationen-tidigarelagger-regionvalet-i-andalusien.png","datePublished":"2022-04-07T08:37:00+00:00","breadcrumb":{"@id":"https:\/\/lightweb.dev\/l\/svm-temp\/nyheter\/inflationen-tidigarelagger-regionvalet-i-andalusien\/#breadcrumb"},"inLanguage":"sv-SE","potentialAction":[{"@type":"ReadAction","target":["https:\/\/lightweb.dev\/l\/svm-temp\/nyheter\/inflationen-tidigarelagger-regionvalet-i-andalusien\/"]}]},{"@type":"ImageObject","inLanguage":"sv-SE","@id":"https:\/\/lightweb.dev\/l\/svm-temp\/nyheter\/inflationen-tidigarelagger-regionvalet-i-andalusien\/#primaryimage","url":"https:\/\/lightweb.dev\/l\/svm-temp\/wp-content\/uploads\/2022\/05\/inflationen-tidigarelagger-regionvalet-i-andalusien.png","contentUrl":"https:\/\/lightweb.dev\/l\/svm-temp\/wp-content\/uploads\/2022\/05\/inflationen-tidigarelagger-regionvalet-i-andalusien.png","width":500,"height":300},{"@type":"BreadcrumbList","@id":"https:\/\/lightweb.dev\/l\/svm-temp\/nyheter\/inflationen-tidigarelagger-regionvalet-i-andalusien\/#breadcrumb","itemListElement":[{"@type":"ListItem","position":1,"name":"Hem","item":"https:\/\/lightweb.dev\/l\/svm-temp\/"},{"@type":"ListItem","position":2,"name":"Inflationen tidigarel\u00e4gger regionvalet i Andalusien"}]},{"@type":"WebSite","@id":"https:\/\/lightweb.dev\/l\/svm-temp\/#website","url":"https:\/\/lightweb.dev\/l\/svm-temp\/","name":"Svenska Magasinet","description":"Dina Spanska nyheter p&aring; Svenska","publisher":{"@id":"https:\/\/lightweb.dev\/l\/svm-temp\/#organization"},"potentialAction":[{"@type":"SearchAction","target":{"@type":"EntryPoint","urlTemplate":"https:\/\/lightweb.dev\/l\/svm-temp\/?s={search_term_string}"},"query-input":{"@type":"PropertyValueSpecification","valueRequired":true,"valueName":"search_term_string"}}],"inLanguage":"sv-SE"},{"@type":"Organization","@id":"https:\/\/lightweb.dev\/l\/svm-temp\/#organization","name":"Melkerson y Nott SL","alternateName":"Svenska Magasinet","url":"https:\/\/lightweb.dev\/l\/svm-temp\/","logo":{"@type":"ImageObject","inLanguage":"sv-SE","@id":"https:\/\/lightweb.dev\/l\/svm-temp\/#\/schema\/logo\/image\/","url":"https:\/\/lightweb.dev\/l\/svm-temp\/wp-content\/uploads\/2025\/02\/SvM-logo-Xtra-Centrerad-SVART.png","contentUrl":"https:\/\/lightweb.dev\/l\/svm-temp\/wp-content\/uploads\/2025\/02\/SvM-logo-Xtra-Centrerad-SVART.png","width":300,"height":99,"caption":"Melkerson y Nott SL"},"image":{"@id":"https:\/\/lightweb.dev\/l\/svm-temp\/#\/schema\/logo\/image\/"},"sameAs":["https:\/\/www.facebook.com\/svenskamagasinet","https:\/\/x.com\/SvenskaMagasine"]},{"@type":"Person","@id":"https:\/\/lightweb.dev\/l\/svm-temp\/#\/schema\/person\/206a3bda5b607b0c25e1749191e4d837","name":"Redaktionen SvM","description":"Redaktionen","sameAs":["https:\/\/lightweb.dev\/l\/svm-temp"],"url":"https:\/\/lightweb.dev\/l\/svm-temp\/reporter\/redaktionen\/"}]}},"_links":{"self":[{"href":"https:\/\/lightweb.dev\/l\/svm-temp\/wp-json\/wp\/v2\/posts\/9676","targetHints":{"allow":["GET"]}}],"collection":[{"href":"https:\/\/lightweb.dev\/l\/svm-temp\/wp-json\/wp\/v2\/posts"}],"about":[{"href":"https:\/\/lightweb.dev\/l\/svm-temp\/wp-json\/wp\/v2\/types\/post"}],"author":[{"embeddable":true,"href":"https:\/\/lightweb.dev\/l\/svm-temp\/wp-json\/wp\/v2\/users\/8"}],"replies":[{"embeddable":true,"href":"https:\/\/lightweb.dev\/l\/svm-temp\/wp-json\/wp\/v2\/comments?post=9676"}],"version-history":[{"count":0,"href":"https:\/\/lightweb.dev\/l\/svm-temp\/wp-json\/wp\/v2\/posts\/9676\/revisions"}],"wp:featuredmedia":[{"embeddable":true,"href":"https:\/\/lightweb.dev\/l\/svm-temp\/wp-json\/wp\/v2\/media\/9677"}],"wp:attachment":[{"href":"https:\/\/lightweb.dev\/l\/svm-temp\/wp-json\/wp\/v2\/media?parent=9676"}],"wp:term":[{"taxonomy":"category","embeddable":true,"href":"https:\/\/lightweb.dev\/l\/svm-temp\/wp-json\/wp\/v2\/categories?post=9676"},{"taxonomy":"post_tag","embeddable":true,"href":"https:\/\/lightweb.dev\/l\/svm-temp\/wp-json\/wp\/v2\/tags?post=9676"}],"curies":[{"name":"wp","href":"https:\/\/api.w.org\/{rel}","templated":true}]}}