{"id":9680,"date":"2022-04-07T13:56:00","date_gmt":"2022-04-07T11:56:00","guid":{"rendered":"https:\/\/lightweb.dev\/l\/svm-temp\/provinsstyrelsen-ska-spara-vattenlackor-och-bedragerier\/"},"modified":"2022-04-07T13:56:00","modified_gmt":"2022-04-07T11:56:00","slug":"provinsstyrelsen-ska-spara-vattenlackor-och-bedragerier","status":"publish","type":"post","link":"https:\/\/lightweb.dev\/l\/svm-temp\/nyheter\/provinsstyrelsen-ska-spara-vattenlackor-och-bedragerier\/","title":{"rendered":"Provinsstyrelsen ska sp\u00e5ra vattenl\u00e4ckor och bedr\u00e4gerier"},"content":{"rendered":"<p> Enligt unders\u00f6kningar faktureras det i snitt f\u00f6r mellan 130 till 250 liter vatten per inv\u00e5nare och dag. Men vattenf\u00f6rbrukningen ligger p\u00e5 800 liter vatten per inv\u00e5nare och dag. Provinsstyrelsen satsar en miljon euro f\u00f6r att unders\u00f6ka 800 kilometer vattenledningsr\u00f6r.<br \/>\n Vattenbrist \u00e4r ett av de stora problemen som Solkusten brottas med. Senaste tiden har det regnat, men \u00e5rsnederb\u00f6rden minskar.<\/p>\n<p>F\u00f6r att fr\u00e4mja h\u00e5llbarhet genom effektiv anv\u00e4ndning av vattenresurserna har provinsstyrelsen lanserat en plan i mindre kommuner f\u00f6r att uppt\u00e4cka vattenl\u00e4ckor i n\u00e4tet men ocks\u00e5 att uppt\u00e4cka och f\u00f6rhindra bedr\u00e4gerier med pooler som fylls och tr\u00e4dg\u00e5rdar samt odlingar som bevattnas.<\/p>\n<p>F\u00f6r en miljon euro ska 240 m\u00e4tutrustningar installeras och \u00f6vervaka 800 kilometer r\u00f6r i 77 kommuner med f\u00e4rre \u00e4n 20.000 inv\u00e5nare. Det beskrivs som den mest ambiti\u00f6sa planen f\u00f6r att uppt\u00e4cka l\u00e4ckor och eventuella bedr\u00e4gerier, s\u00e4ger provinsstyrelsens ordf\u00f6rande Francisco Salado (bilden) n\u00e4r han presenterade projektet tillsammans med milj\u00f6styrelsens ordf\u00f6rande Crist\u00f3bal Ortega.<\/p>\n<p>Projektet \u00e4r redan klart p\u00e5 20 platser och de f\u00f6rsta m\u00e4tningarna visar ett gap p\u00e5 upp till 75 procent mellan den summan som det faktureras f\u00f6r och vad som i verkligheten f\u00f6rbrukas.<\/p>\n","protected":false},"excerpt":{"rendered":"<p>Enligt unders\u00f6kningar faktureras det i snitt f\u00f6r mellan 130 till 250 liter vatten per inv\u00e5nare och dag. Men vattenf\u00f6rbrukningen ligger p\u00e5 800 liter vatten per inv\u00e5nare och dag. Provinsstyrelsen satsar en miljon euro f\u00f6r att unders\u00f6ka 800 kilometer vattenledningsr\u00f6r. Vattenbrist \u00e4r ett av de stora problemen som Solkusten brottas med. Senaste tiden har det regnat, [&hellip;]<\/p>\n","protected":false},"author":8,"featured_media":9681,"comment_status":"open","ping_status":"open","sticky":false,"template":"","format":"standard","meta":{"_et_pb_use_builder":"","_et_pb_old_content":"","_et_gb_content_width":"","footnotes":""},"categories":[395,3],"tags":[],"class_list":["post-9680","post","type-post","status-publish","format-standard","has-post-thumbnail","hentry","category-arkiv-nyheter","category-nyheter"],"yoast_head":"<!-- This site is optimized with the Yoast SEO Premium plugin v26.2 (Yoast SEO v27.4) - https:\/\/yoast.com\/product\/yoast-seo-premium-wordpress\/ -->\n<title>Provinsstyrelsen ska sp\u00e5ra vattenl\u00e4ckor och bedr\u00e4gerier - Svenska Magasinet<\/title>\n<meta name=\"robots\" content=\"noindex, follow, max-snippet:-1, max-image-preview:large, max-video-preview:-1\" \/>\n<meta property=\"og:locale\" content=\"sv_SE\" \/>\n<meta property=\"og:type\" content=\"article\" \/>\n<meta property=\"og:title\" content=\"Provinsstyrelsen ska sp\u00e5ra vattenl\u00e4ckor och bedr\u00e4gerier\" \/>\n<meta property=\"og:description\" content=\"Enligt unders\u00f6kningar faktureras det i snitt f\u00f6r mellan 130 till 250 liter vatten per inv\u00e5nare och dag. Men vattenf\u00f6rbrukningen ligger p\u00e5 800 liter vatten per inv\u00e5nare och dag. Provinsstyrelsen satsar en miljon euro f\u00f6r att unders\u00f6ka 800 kilometer vattenledningsr\u00f6r. Vattenbrist \u00e4r ett av de stora problemen som Solkusten brottas med. Senaste tiden har det regnat, [&hellip;]\" \/>\n<meta property=\"og:url\" content=\"https:\/\/lightweb.dev\/l\/svm-temp\/nyheter\/provinsstyrelsen-ska-spara-vattenlackor-och-bedragerier\/\" \/>\n<meta property=\"og:site_name\" content=\"Svenska Magasinet\" \/>\n<meta property=\"article:publisher\" content=\"https:\/\/www.facebook.com\/svenskamagasinet\" \/>\n<meta property=\"article:published_time\" content=\"2022-04-07T11:56:00+00:00\" \/>\n<meta property=\"og:image\" content=\"https:\/\/lightweb.dev\/l\/svm-temp\/wp-content\/uploads\/2022\/05\/provinsstyrelsen-ska-spara-vattenlackor-och-bedragerier.png\" \/>\n\t<meta property=\"og:image:width\" content=\"500\" \/>\n\t<meta property=\"og:image:height\" content=\"300\" \/>\n\t<meta property=\"og:image:type\" content=\"image\/png\" \/>\n<meta name=\"author\" content=\"Redaktionen SvM\" \/>\n<meta name=\"twitter:card\" content=\"summary_large_image\" \/>\n<meta name=\"twitter:creator\" content=\"@SvenskaMagasine\" \/>\n<meta name=\"twitter:site\" content=\"@SvenskaMagasine\" \/>\n<script type=\"application\/ld+json\" class=\"yoast-schema-graph\">{\"@context\":\"https:\\\/\\\/schema.org\",\"@graph\":[{\"@type\":\"Article\",\"@id\":\"https:\\\/\\\/lightweb.dev\\\/l\\\/svm-temp\\\/nyheter\\\/provinsstyrelsen-ska-spara-vattenlackor-och-bedragerier\\\/#article\",\"isPartOf\":{\"@id\":\"https:\\\/\\\/lightweb.dev\\\/l\\\/svm-temp\\\/nyheter\\\/provinsstyrelsen-ska-spara-vattenlackor-och-bedragerier\\\/\"},\"author\":{\"name\":\"Redaktionen SvM\",\"@id\":\"https:\\\/\\\/lightweb.dev\\\/l\\\/svm-temp\\\/#\\\/schema\\\/person\\\/206a3bda5b607b0c25e1749191e4d837\"},\"headline\":\"Provinsstyrelsen ska sp\u00e5ra vattenl\u00e4ckor och bedr\u00e4gerier\",\"datePublished\":\"2022-04-07T11:56:00+00:00\",\"mainEntityOfPage\":{\"@id\":\"https:\\\/\\\/lightweb.dev\\\/l\\\/svm-temp\\\/nyheter\\\/provinsstyrelsen-ska-spara-vattenlackor-och-bedragerier\\\/\"},\"wordCount\":222,\"commentCount\":0,\"publisher\":{\"@id\":\"https:\\\/\\\/lightweb.dev\\\/l\\\/svm-temp\\\/#organization\"},\"image\":{\"@id\":\"https:\\\/\\\/lightweb.dev\\\/l\\\/svm-temp\\\/nyheter\\\/provinsstyrelsen-ska-spara-vattenlackor-och-bedragerier\\\/#primaryimage\"},\"thumbnailUrl\":\"https:\\\/\\\/lightweb.dev\\\/l\\\/svm-temp\\\/wp-content\\\/uploads\\\/2022\\\/05\\\/provinsstyrelsen-ska-spara-vattenlackor-och-bedragerier.png\",\"articleSection\":[\"Arkiv\",\"Nyheter\"],\"inLanguage\":\"sv-SE\"},{\"@type\":\"WebPage\",\"@id\":\"https:\\\/\\\/lightweb.dev\\\/l\\\/svm-temp\\\/nyheter\\\/provinsstyrelsen-ska-spara-vattenlackor-och-bedragerier\\\/\",\"url\":\"https:\\\/\\\/lightweb.dev\\\/l\\\/svm-temp\\\/nyheter\\\/provinsstyrelsen-ska-spara-vattenlackor-och-bedragerier\\\/\",\"name\":\"Provinsstyrelsen ska sp\u00e5ra vattenl\u00e4ckor och bedr\u00e4gerier - Svenska Magasinet\",\"isPartOf\":{\"@id\":\"https:\\\/\\\/lightweb.dev\\\/l\\\/svm-temp\\\/#website\"},\"primaryImageOfPage\":{\"@id\":\"https:\\\/\\\/lightweb.dev\\\/l\\\/svm-temp\\\/nyheter\\\/provinsstyrelsen-ska-spara-vattenlackor-och-bedragerier\\\/#primaryimage\"},\"image\":{\"@id\":\"https:\\\/\\\/lightweb.dev\\\/l\\\/svm-temp\\\/nyheter\\\/provinsstyrelsen-ska-spara-vattenlackor-och-bedragerier\\\/#primaryimage\"},\"thumbnailUrl\":\"https:\\\/\\\/lightweb.dev\\\/l\\\/svm-temp\\\/wp-content\\\/uploads\\\/2022\\\/05\\\/provinsstyrelsen-ska-spara-vattenlackor-och-bedragerier.png\",\"datePublished\":\"2022-04-07T11:56:00+00:00\",\"breadcrumb\":{\"@id\":\"https:\\\/\\\/lightweb.dev\\\/l\\\/svm-temp\\\/nyheter\\\/provinsstyrelsen-ska-spara-vattenlackor-och-bedragerier\\\/#breadcrumb\"},\"inLanguage\":\"sv-SE\",\"potentialAction\":[{\"@type\":\"ReadAction\",\"target\":[\"https:\\\/\\\/lightweb.dev\\\/l\\\/svm-temp\\\/nyheter\\\/provinsstyrelsen-ska-spara-vattenlackor-och-bedragerier\\\/\"]}]},{\"@type\":\"ImageObject\",\"inLanguage\":\"sv-SE\",\"@id\":\"https:\\\/\\\/lightweb.dev\\\/l\\\/svm-temp\\\/nyheter\\\/provinsstyrelsen-ska-spara-vattenlackor-och-bedragerier\\\/#primaryimage\",\"url\":\"https:\\\/\\\/lightweb.dev\\\/l\\\/svm-temp\\\/wp-content\\\/uploads\\\/2022\\\/05\\\/provinsstyrelsen-ska-spara-vattenlackor-och-bedragerier.png\",\"contentUrl\":\"https:\\\/\\\/lightweb.dev\\\/l\\\/svm-temp\\\/wp-content\\\/uploads\\\/2022\\\/05\\\/provinsstyrelsen-ska-spara-vattenlackor-och-bedragerier.png\",\"width\":500,\"height\":300},{\"@type\":\"BreadcrumbList\",\"@id\":\"https:\\\/\\\/lightweb.dev\\\/l\\\/svm-temp\\\/nyheter\\\/provinsstyrelsen-ska-spara-vattenlackor-och-bedragerier\\\/#breadcrumb\",\"itemListElement\":[{\"@type\":\"ListItem\",\"position\":1,\"name\":\"Hem\",\"item\":\"https:\\\/\\\/lightweb.dev\\\/l\\\/svm-temp\\\/\"},{\"@type\":\"ListItem\",\"position\":2,\"name\":\"Provinsstyrelsen ska sp\u00e5ra vattenl\u00e4ckor och bedr\u00e4gerier\"}]},{\"@type\":\"WebSite\",\"@id\":\"https:\\\/\\\/lightweb.dev\\\/l\\\/svm-temp\\\/#website\",\"url\":\"https:\\\/\\\/lightweb.dev\\\/l\\\/svm-temp\\\/\",\"name\":\"Svenska Magasinet\",\"description\":\"Dina Spanska nyheter p&aring; Svenska\",\"publisher\":{\"@id\":\"https:\\\/\\\/lightweb.dev\\\/l\\\/svm-temp\\\/#organization\"},\"potentialAction\":[{\"@type\":\"SearchAction\",\"target\":{\"@type\":\"EntryPoint\",\"urlTemplate\":\"https:\\\/\\\/lightweb.dev\\\/l\\\/svm-temp\\\/?s={search_term_string}\"},\"query-input\":{\"@type\":\"PropertyValueSpecification\",\"valueRequired\":true,\"valueName\":\"search_term_string\"}}],\"inLanguage\":\"sv-SE\"},{\"@type\":\"Organization\",\"@id\":\"https:\\\/\\\/lightweb.dev\\\/l\\\/svm-temp\\\/#organization\",\"name\":\"Melkerson y Nott SL\",\"alternateName\":\"Svenska Magasinet\",\"url\":\"https:\\\/\\\/lightweb.dev\\\/l\\\/svm-temp\\\/\",\"logo\":{\"@type\":\"ImageObject\",\"inLanguage\":\"sv-SE\",\"@id\":\"https:\\\/\\\/lightweb.dev\\\/l\\\/svm-temp\\\/#\\\/schema\\\/logo\\\/image\\\/\",\"url\":\"https:\\\/\\\/lightweb.dev\\\/l\\\/svm-temp\\\/wp-content\\\/uploads\\\/2025\\\/02\\\/SvM-logo-Xtra-Centrerad-SVART.png\",\"contentUrl\":\"https:\\\/\\\/lightweb.dev\\\/l\\\/svm-temp\\\/wp-content\\\/uploads\\\/2025\\\/02\\\/SvM-logo-Xtra-Centrerad-SVART.png\",\"width\":300,\"height\":99,\"caption\":\"Melkerson y Nott SL\"},\"image\":{\"@id\":\"https:\\\/\\\/lightweb.dev\\\/l\\\/svm-temp\\\/#\\\/schema\\\/logo\\\/image\\\/\"},\"sameAs\":[\"https:\\\/\\\/www.facebook.com\\\/svenskamagasinet\",\"https:\\\/\\\/x.com\\\/SvenskaMagasine\"]},{\"@type\":\"Person\",\"@id\":\"https:\\\/\\\/lightweb.dev\\\/l\\\/svm-temp\\\/#\\\/schema\\\/person\\\/206a3bda5b607b0c25e1749191e4d837\",\"name\":\"Redaktionen SvM\",\"description\":\"Redaktionen\",\"sameAs\":[\"https:\\\/\\\/lightweb.dev\\\/l\\\/svm-temp\"],\"url\":\"https:\\\/\\\/lightweb.dev\\\/l\\\/svm-temp\\\/reporter\\\/redaktionen\\\/\"}]}<\/script>\n<!-- \/ Yoast SEO Premium plugin. -->","yoast_head_json":{"title":"Provinsstyrelsen ska sp\u00e5ra vattenl\u00e4ckor och bedr\u00e4gerier - Svenska Magasinet","robots":{"index":"noindex","follow":"follow","max-snippet":"max-snippet:-1","max-image-preview":"max-image-preview:large","max-video-preview":"max-video-preview:-1"},"og_locale":"sv_SE","og_type":"article","og_title":"Provinsstyrelsen ska sp\u00e5ra vattenl\u00e4ckor och bedr\u00e4gerier","og_description":"Enligt unders\u00f6kningar faktureras det i snitt f\u00f6r mellan 130 till 250 liter vatten per inv\u00e5nare och dag. Men vattenf\u00f6rbrukningen ligger p\u00e5 800 liter vatten per inv\u00e5nare och dag. Provinsstyrelsen satsar en miljon euro f\u00f6r att unders\u00f6ka 800 kilometer vattenledningsr\u00f6r. Vattenbrist \u00e4r ett av de stora problemen som Solkusten brottas med. Senaste tiden har det regnat, [&hellip;]","og_url":"https:\/\/lightweb.dev\/l\/svm-temp\/nyheter\/provinsstyrelsen-ska-spara-vattenlackor-och-bedragerier\/","og_site_name":"Svenska Magasinet","article_publisher":"https:\/\/www.facebook.com\/svenskamagasinet","article_published_time":"2022-04-07T11:56:00+00:00","og_image":[{"width":500,"height":300,"url":"https:\/\/lightweb.dev\/l\/svm-temp\/wp-content\/uploads\/2022\/05\/provinsstyrelsen-ska-spara-vattenlackor-och-bedragerier.png","type":"image\/png"}],"author":"Redaktionen SvM","twitter_card":"summary_large_image","twitter_creator":"@SvenskaMagasine","twitter_site":"@SvenskaMagasine","schema":{"@context":"https:\/\/schema.org","@graph":[{"@type":"Article","@id":"https:\/\/lightweb.dev\/l\/svm-temp\/nyheter\/provinsstyrelsen-ska-spara-vattenlackor-och-bedragerier\/#article","isPartOf":{"@id":"https:\/\/lightweb.dev\/l\/svm-temp\/nyheter\/provinsstyrelsen-ska-spara-vattenlackor-och-bedragerier\/"},"author":{"name":"Redaktionen SvM","@id":"https:\/\/lightweb.dev\/l\/svm-temp\/#\/schema\/person\/206a3bda5b607b0c25e1749191e4d837"},"headline":"Provinsstyrelsen ska sp\u00e5ra vattenl\u00e4ckor och bedr\u00e4gerier","datePublished":"2022-04-07T11:56:00+00:00","mainEntityOfPage":{"@id":"https:\/\/lightweb.dev\/l\/svm-temp\/nyheter\/provinsstyrelsen-ska-spara-vattenlackor-och-bedragerier\/"},"wordCount":222,"commentCount":0,"publisher":{"@id":"https:\/\/lightweb.dev\/l\/svm-temp\/#organization"},"image":{"@id":"https:\/\/lightweb.dev\/l\/svm-temp\/nyheter\/provinsstyrelsen-ska-spara-vattenlackor-och-bedragerier\/#primaryimage"},"thumbnailUrl":"https:\/\/lightweb.dev\/l\/svm-temp\/wp-content\/uploads\/2022\/05\/provinsstyrelsen-ska-spara-vattenlackor-och-bedragerier.png","articleSection":["Arkiv","Nyheter"],"inLanguage":"sv-SE"},{"@type":"WebPage","@id":"https:\/\/lightweb.dev\/l\/svm-temp\/nyheter\/provinsstyrelsen-ska-spara-vattenlackor-och-bedragerier\/","url":"https:\/\/lightweb.dev\/l\/svm-temp\/nyheter\/provinsstyrelsen-ska-spara-vattenlackor-och-bedragerier\/","name":"Provinsstyrelsen ska sp\u00e5ra vattenl\u00e4ckor och bedr\u00e4gerier - Svenska Magasinet","isPartOf":{"@id":"https:\/\/lightweb.dev\/l\/svm-temp\/#website"},"primaryImageOfPage":{"@id":"https:\/\/lightweb.dev\/l\/svm-temp\/nyheter\/provinsstyrelsen-ska-spara-vattenlackor-och-bedragerier\/#primaryimage"},"image":{"@id":"https:\/\/lightweb.dev\/l\/svm-temp\/nyheter\/provinsstyrelsen-ska-spara-vattenlackor-och-bedragerier\/#primaryimage"},"thumbnailUrl":"https:\/\/lightweb.dev\/l\/svm-temp\/wp-content\/uploads\/2022\/05\/provinsstyrelsen-ska-spara-vattenlackor-och-bedragerier.png","datePublished":"2022-04-07T11:56:00+00:00","breadcrumb":{"@id":"https:\/\/lightweb.dev\/l\/svm-temp\/nyheter\/provinsstyrelsen-ska-spara-vattenlackor-och-bedragerier\/#breadcrumb"},"inLanguage":"sv-SE","potentialAction":[{"@type":"ReadAction","target":["https:\/\/lightweb.dev\/l\/svm-temp\/nyheter\/provinsstyrelsen-ska-spara-vattenlackor-och-bedragerier\/"]}]},{"@type":"ImageObject","inLanguage":"sv-SE","@id":"https:\/\/lightweb.dev\/l\/svm-temp\/nyheter\/provinsstyrelsen-ska-spara-vattenlackor-och-bedragerier\/#primaryimage","url":"https:\/\/lightweb.dev\/l\/svm-temp\/wp-content\/uploads\/2022\/05\/provinsstyrelsen-ska-spara-vattenlackor-och-bedragerier.png","contentUrl":"https:\/\/lightweb.dev\/l\/svm-temp\/wp-content\/uploads\/2022\/05\/provinsstyrelsen-ska-spara-vattenlackor-och-bedragerier.png","width":500,"height":300},{"@type":"BreadcrumbList","@id":"https:\/\/lightweb.dev\/l\/svm-temp\/nyheter\/provinsstyrelsen-ska-spara-vattenlackor-och-bedragerier\/#breadcrumb","itemListElement":[{"@type":"ListItem","position":1,"name":"Hem","item":"https:\/\/lightweb.dev\/l\/svm-temp\/"},{"@type":"ListItem","position":2,"name":"Provinsstyrelsen ska sp\u00e5ra vattenl\u00e4ckor och bedr\u00e4gerier"}]},{"@type":"WebSite","@id":"https:\/\/lightweb.dev\/l\/svm-temp\/#website","url":"https:\/\/lightweb.dev\/l\/svm-temp\/","name":"Svenska Magasinet","description":"Dina Spanska nyheter p&aring; Svenska","publisher":{"@id":"https:\/\/lightweb.dev\/l\/svm-temp\/#organization"},"potentialAction":[{"@type":"SearchAction","target":{"@type":"EntryPoint","urlTemplate":"https:\/\/lightweb.dev\/l\/svm-temp\/?s={search_term_string}"},"query-input":{"@type":"PropertyValueSpecification","valueRequired":true,"valueName":"search_term_string"}}],"inLanguage":"sv-SE"},{"@type":"Organization","@id":"https:\/\/lightweb.dev\/l\/svm-temp\/#organization","name":"Melkerson y Nott SL","alternateName":"Svenska Magasinet","url":"https:\/\/lightweb.dev\/l\/svm-temp\/","logo":{"@type":"ImageObject","inLanguage":"sv-SE","@id":"https:\/\/lightweb.dev\/l\/svm-temp\/#\/schema\/logo\/image\/","url":"https:\/\/lightweb.dev\/l\/svm-temp\/wp-content\/uploads\/2025\/02\/SvM-logo-Xtra-Centrerad-SVART.png","contentUrl":"https:\/\/lightweb.dev\/l\/svm-temp\/wp-content\/uploads\/2025\/02\/SvM-logo-Xtra-Centrerad-SVART.png","width":300,"height":99,"caption":"Melkerson y Nott SL"},"image":{"@id":"https:\/\/lightweb.dev\/l\/svm-temp\/#\/schema\/logo\/image\/"},"sameAs":["https:\/\/www.facebook.com\/svenskamagasinet","https:\/\/x.com\/SvenskaMagasine"]},{"@type":"Person","@id":"https:\/\/lightweb.dev\/l\/svm-temp\/#\/schema\/person\/206a3bda5b607b0c25e1749191e4d837","name":"Redaktionen SvM","description":"Redaktionen","sameAs":["https:\/\/lightweb.dev\/l\/svm-temp"],"url":"https:\/\/lightweb.dev\/l\/svm-temp\/reporter\/redaktionen\/"}]}},"_links":{"self":[{"href":"https:\/\/lightweb.dev\/l\/svm-temp\/wp-json\/wp\/v2\/posts\/9680","targetHints":{"allow":["GET"]}}],"collection":[{"href":"https:\/\/lightweb.dev\/l\/svm-temp\/wp-json\/wp\/v2\/posts"}],"about":[{"href":"https:\/\/lightweb.dev\/l\/svm-temp\/wp-json\/wp\/v2\/types\/post"}],"author":[{"embeddable":true,"href":"https:\/\/lightweb.dev\/l\/svm-temp\/wp-json\/wp\/v2\/users\/8"}],"replies":[{"embeddable":true,"href":"https:\/\/lightweb.dev\/l\/svm-temp\/wp-json\/wp\/v2\/comments?post=9680"}],"version-history":[{"count":0,"href":"https:\/\/lightweb.dev\/l\/svm-temp\/wp-json\/wp\/v2\/posts\/9680\/revisions"}],"wp:featuredmedia":[{"embeddable":true,"href":"https:\/\/lightweb.dev\/l\/svm-temp\/wp-json\/wp\/v2\/media\/9681"}],"wp:attachment":[{"href":"https:\/\/lightweb.dev\/l\/svm-temp\/wp-json\/wp\/v2\/media?parent=9680"}],"wp:term":[{"taxonomy":"category","embeddable":true,"href":"https:\/\/lightweb.dev\/l\/svm-temp\/wp-json\/wp\/v2\/categories?post=9680"},{"taxonomy":"post_tag","embeddable":true,"href":"https:\/\/lightweb.dev\/l\/svm-temp\/wp-json\/wp\/v2\/tags?post=9680"}],"curies":[{"name":"wp","href":"https:\/\/api.w.org\/{rel}","templated":true}]}}