{"id":9682,"date":"2022-04-06T09:50:00","date_gmt":"2022-04-06T07:50:00","guid":{"rendered":"https:\/\/lightweb.dev\/l\/svm-temp\/spanien-foljer-eu-och-utvisar-ryska-diplomater\/"},"modified":"2022-04-06T09:50:00","modified_gmt":"2022-04-06T07:50:00","slug":"spanien-foljer-eu-och-utvisar-ryska-diplomater","status":"publish","type":"post","link":"https:\/\/lightweb.dev\/l\/svm-temp\/nyheter\/spanien-foljer-eu-och-utvisar-ryska-diplomater\/","title":{"rendered":"Spanien f\u00f6ljer EU och utvisar ryska diplomater"},"content":{"rendered":"<p> Efter att EU-l\u00e4nder beslutat att utvisa ryska diplomater tog Spanien beslutet under g\u00e5rdagen att utvisa 27 diplomater. Enligt utrikesministern Jos\u00e9 Manuel Albares (bilden) anses diplomaterna utg\u00f6ra \u201dett hot mot v\u00e5rt lands s\u00e4kerhet\u201d och p\u00e5 grund av \u201dde hemska bilder vi har sett fr\u00e5n massakern p\u00e5 400 civila i den ukrainska staden Bucha\u201d s\u00e5 delar vi EU:s syn.<br \/>\n Det \u00e4r tv\u00e5 sk\u00e4l bakom motiveringen av utvisningen av 27 diplomater och personal fr\u00e5n den ryska ambassaden i Madrid.<\/p>\n<p>Men beslutet kommer att f\u00e5 konsekvenser. Det sa talespersonen vid det ryska utrikesdepartementet, Maria Zajarova, p\u00e5 tisdagen.<\/p>\n<p>&#8211; Vi f\u00f6rs\u00e4krar att utvisningen av diplomater kommer att f\u00e5 konsekvenser. Vi kommer att svara p\u00e5 utvisningen av mer \u00e4n tjugo ryska diplomater.<\/p>\n<p>Utrikesministern Jos\u00e9 Manuel Albares meddelade Spaniens beslut n\u00e5gra timar innan Ukrainas president Volod\u00edmir Zelenski talade i kongressen via videokonferens. Albares har inte meddelat den exakta tidpunkten f\u00f6r utvisningarna, bara att det kommer att ske inom n\u00e5gra dagar.<\/p>\n<p>Spanien anger sk\u00e4let \u201dhot mot s\u00e4kerheten\u201d som en orsak att diplomaterna utvisas. Likande sk\u00e4l har Polen, som utvisas 45 ryska diplomater, och Italien angett.<\/p>\n<p>Totalt \u00e4r det cirka 200 ryska diplomater som utvisas fr\u00e5n EU-l\u00e4nder.<\/p>\n<p>Beslutet p\u00e5verkar inte Rysslands ambassad\u00f6r, Yuri Korchagin, d\u00e5 Spanien betonar m\u00f6jligheten till dialog. \u00c4ven Spaniens ambassad\u00f6r i Moskva, Marcos G\u00f3mez Mart\u00ednez, stannar tillsvidare.<\/p>\n<p>Det ryska utrikesdepartementet meddelar att en motsvarande reaktion kommer fr\u00e5n Putin-regeringen vilket skulle betyda att spanska diplomater utvisas fr\u00e5n Ryssland.<\/p>\n<p>Vid g\u00e5rdagens framtr\u00e4dande i kongressen j\u00e4mf\u00f6rde den ukrainska presidenten Zelenski kriget i Ukraina med Guernica d\u00e4r Hitlertyskland bombade civila 1937.<\/p>\n<p>Zelenski riktar kritik mot Spanien f\u00f6r att flera spanska f\u00f6retag fortsatt g\u00f6r aff\u00e4rer med Ryssland. Det g\u00e4ller exempelvis Porcelanosa. <\/p>\n","protected":false},"excerpt":{"rendered":"<p>Efter att EU-l\u00e4nder beslutat att utvisa ryska diplomater tog Spanien beslutet under g\u00e5rdagen att utvisa 27 diplomater. Enligt utrikesministern Jos\u00e9 Manuel Albares (bilden) anses diplomaterna utg\u00f6ra \u201dett hot mot v\u00e5rt lands s\u00e4kerhet\u201d och p\u00e5 grund av \u201dde hemska bilder vi har sett fr\u00e5n massakern p\u00e5 400 civila i den ukrainska staden Bucha\u201d s\u00e5 delar vi [&hellip;]<\/p>\n","protected":false},"author":8,"featured_media":9683,"comment_status":"open","ping_status":"open","sticky":false,"template":"","format":"standard","meta":{"_et_pb_use_builder":"","_et_pb_old_content":"","_et_gb_content_width":"","footnotes":""},"categories":[395,3],"tags":[],"class_list":["post-9682","post","type-post","status-publish","format-standard","has-post-thumbnail","hentry","category-arkiv-nyheter","category-nyheter"],"yoast_head":"<!-- This site is optimized with the Yoast SEO Premium plugin v26.2 (Yoast SEO v27.4) - https:\/\/yoast.com\/product\/yoast-seo-premium-wordpress\/ -->\n<title>Spanien f\u00f6ljer EU och utvisar ryska diplomater - Svenska Magasinet<\/title>\n<meta name=\"robots\" content=\"noindex, follow, max-snippet:-1, max-image-preview:large, max-video-preview:-1\" \/>\n<meta property=\"og:locale\" content=\"sv_SE\" \/>\n<meta property=\"og:type\" content=\"article\" \/>\n<meta property=\"og:title\" content=\"Spanien f\u00f6ljer EU och utvisar ryska diplomater\" \/>\n<meta property=\"og:description\" content=\"Efter att EU-l\u00e4nder beslutat att utvisa ryska diplomater tog Spanien beslutet under g\u00e5rdagen att utvisa 27 diplomater. Enligt utrikesministern Jos\u00e9 Manuel Albares (bilden) anses diplomaterna utg\u00f6ra \u201dett hot mot v\u00e5rt lands s\u00e4kerhet\u201d och p\u00e5 grund av \u201dde hemska bilder vi har sett fr\u00e5n massakern p\u00e5 400 civila i den ukrainska staden Bucha\u201d s\u00e5 delar vi [&hellip;]\" \/>\n<meta property=\"og:url\" content=\"https:\/\/lightweb.dev\/l\/svm-temp\/nyheter\/spanien-foljer-eu-och-utvisar-ryska-diplomater\/\" \/>\n<meta property=\"og:site_name\" content=\"Svenska Magasinet\" \/>\n<meta property=\"article:publisher\" content=\"https:\/\/www.facebook.com\/svenskamagasinet\" \/>\n<meta property=\"article:published_time\" content=\"2022-04-06T07:50:00+00:00\" \/>\n<meta property=\"og:image\" content=\"https:\/\/lightweb.dev\/l\/svm-temp\/wp-content\/uploads\/2022\/05\/spanien-foljer-eu-och-utvisar-ryska-diplomater.png\" \/>\n\t<meta property=\"og:image:width\" content=\"500\" \/>\n\t<meta property=\"og:image:height\" content=\"300\" \/>\n\t<meta property=\"og:image:type\" content=\"image\/png\" \/>\n<meta name=\"author\" content=\"Redaktionen SvM\" \/>\n<meta name=\"twitter:card\" content=\"summary_large_image\" \/>\n<meta name=\"twitter:creator\" content=\"@SvenskaMagasine\" \/>\n<meta name=\"twitter:site\" content=\"@SvenskaMagasine\" \/>\n<script type=\"application\/ld+json\" class=\"yoast-schema-graph\">{\"@context\":\"https:\\\/\\\/schema.org\",\"@graph\":[{\"@type\":\"Article\",\"@id\":\"https:\\\/\\\/lightweb.dev\\\/l\\\/svm-temp\\\/nyheter\\\/spanien-foljer-eu-och-utvisar-ryska-diplomater\\\/#article\",\"isPartOf\":{\"@id\":\"https:\\\/\\\/lightweb.dev\\\/l\\\/svm-temp\\\/nyheter\\\/spanien-foljer-eu-och-utvisar-ryska-diplomater\\\/\"},\"author\":{\"name\":\"Redaktionen SvM\",\"@id\":\"https:\\\/\\\/lightweb.dev\\\/l\\\/svm-temp\\\/#\\\/schema\\\/person\\\/206a3bda5b607b0c25e1749191e4d837\"},\"headline\":\"Spanien f\u00f6ljer EU och utvisar ryska diplomater\",\"datePublished\":\"2022-04-06T07:50:00+00:00\",\"mainEntityOfPage\":{\"@id\":\"https:\\\/\\\/lightweb.dev\\\/l\\\/svm-temp\\\/nyheter\\\/spanien-foljer-eu-och-utvisar-ryska-diplomater\\\/\"},\"wordCount\":310,\"commentCount\":0,\"publisher\":{\"@id\":\"https:\\\/\\\/lightweb.dev\\\/l\\\/svm-temp\\\/#organization\"},\"image\":{\"@id\":\"https:\\\/\\\/lightweb.dev\\\/l\\\/svm-temp\\\/nyheter\\\/spanien-foljer-eu-och-utvisar-ryska-diplomater\\\/#primaryimage\"},\"thumbnailUrl\":\"https:\\\/\\\/lightweb.dev\\\/l\\\/svm-temp\\\/wp-content\\\/uploads\\\/2022\\\/05\\\/spanien-foljer-eu-och-utvisar-ryska-diplomater.png\",\"articleSection\":[\"Arkiv\",\"Nyheter\"],\"inLanguage\":\"sv-SE\"},{\"@type\":\"WebPage\",\"@id\":\"https:\\\/\\\/lightweb.dev\\\/l\\\/svm-temp\\\/nyheter\\\/spanien-foljer-eu-och-utvisar-ryska-diplomater\\\/\",\"url\":\"https:\\\/\\\/lightweb.dev\\\/l\\\/svm-temp\\\/nyheter\\\/spanien-foljer-eu-och-utvisar-ryska-diplomater\\\/\",\"name\":\"Spanien f\u00f6ljer EU och utvisar ryska diplomater - Svenska Magasinet\",\"isPartOf\":{\"@id\":\"https:\\\/\\\/lightweb.dev\\\/l\\\/svm-temp\\\/#website\"},\"primaryImageOfPage\":{\"@id\":\"https:\\\/\\\/lightweb.dev\\\/l\\\/svm-temp\\\/nyheter\\\/spanien-foljer-eu-och-utvisar-ryska-diplomater\\\/#primaryimage\"},\"image\":{\"@id\":\"https:\\\/\\\/lightweb.dev\\\/l\\\/svm-temp\\\/nyheter\\\/spanien-foljer-eu-och-utvisar-ryska-diplomater\\\/#primaryimage\"},\"thumbnailUrl\":\"https:\\\/\\\/lightweb.dev\\\/l\\\/svm-temp\\\/wp-content\\\/uploads\\\/2022\\\/05\\\/spanien-foljer-eu-och-utvisar-ryska-diplomater.png\",\"datePublished\":\"2022-04-06T07:50:00+00:00\",\"breadcrumb\":{\"@id\":\"https:\\\/\\\/lightweb.dev\\\/l\\\/svm-temp\\\/nyheter\\\/spanien-foljer-eu-och-utvisar-ryska-diplomater\\\/#breadcrumb\"},\"inLanguage\":\"sv-SE\",\"potentialAction\":[{\"@type\":\"ReadAction\",\"target\":[\"https:\\\/\\\/lightweb.dev\\\/l\\\/svm-temp\\\/nyheter\\\/spanien-foljer-eu-och-utvisar-ryska-diplomater\\\/\"]}]},{\"@type\":\"ImageObject\",\"inLanguage\":\"sv-SE\",\"@id\":\"https:\\\/\\\/lightweb.dev\\\/l\\\/svm-temp\\\/nyheter\\\/spanien-foljer-eu-och-utvisar-ryska-diplomater\\\/#primaryimage\",\"url\":\"https:\\\/\\\/lightweb.dev\\\/l\\\/svm-temp\\\/wp-content\\\/uploads\\\/2022\\\/05\\\/spanien-foljer-eu-och-utvisar-ryska-diplomater.png\",\"contentUrl\":\"https:\\\/\\\/lightweb.dev\\\/l\\\/svm-temp\\\/wp-content\\\/uploads\\\/2022\\\/05\\\/spanien-foljer-eu-och-utvisar-ryska-diplomater.png\",\"width\":500,\"height\":300},{\"@type\":\"BreadcrumbList\",\"@id\":\"https:\\\/\\\/lightweb.dev\\\/l\\\/svm-temp\\\/nyheter\\\/spanien-foljer-eu-och-utvisar-ryska-diplomater\\\/#breadcrumb\",\"itemListElement\":[{\"@type\":\"ListItem\",\"position\":1,\"name\":\"Hem\",\"item\":\"https:\\\/\\\/lightweb.dev\\\/l\\\/svm-temp\\\/\"},{\"@type\":\"ListItem\",\"position\":2,\"name\":\"Spanien f\u00f6ljer EU och utvisar ryska diplomater\"}]},{\"@type\":\"WebSite\",\"@id\":\"https:\\\/\\\/lightweb.dev\\\/l\\\/svm-temp\\\/#website\",\"url\":\"https:\\\/\\\/lightweb.dev\\\/l\\\/svm-temp\\\/\",\"name\":\"Svenska Magasinet\",\"description\":\"Dina Spanska nyheter p&aring; Svenska\",\"publisher\":{\"@id\":\"https:\\\/\\\/lightweb.dev\\\/l\\\/svm-temp\\\/#organization\"},\"potentialAction\":[{\"@type\":\"SearchAction\",\"target\":{\"@type\":\"EntryPoint\",\"urlTemplate\":\"https:\\\/\\\/lightweb.dev\\\/l\\\/svm-temp\\\/?s={search_term_string}\"},\"query-input\":{\"@type\":\"PropertyValueSpecification\",\"valueRequired\":true,\"valueName\":\"search_term_string\"}}],\"inLanguage\":\"sv-SE\"},{\"@type\":\"Organization\",\"@id\":\"https:\\\/\\\/lightweb.dev\\\/l\\\/svm-temp\\\/#organization\",\"name\":\"Melkerson y Nott SL\",\"alternateName\":\"Svenska Magasinet\",\"url\":\"https:\\\/\\\/lightweb.dev\\\/l\\\/svm-temp\\\/\",\"logo\":{\"@type\":\"ImageObject\",\"inLanguage\":\"sv-SE\",\"@id\":\"https:\\\/\\\/lightweb.dev\\\/l\\\/svm-temp\\\/#\\\/schema\\\/logo\\\/image\\\/\",\"url\":\"https:\\\/\\\/lightweb.dev\\\/l\\\/svm-temp\\\/wp-content\\\/uploads\\\/2025\\\/02\\\/SvM-logo-Xtra-Centrerad-SVART.png\",\"contentUrl\":\"https:\\\/\\\/lightweb.dev\\\/l\\\/svm-temp\\\/wp-content\\\/uploads\\\/2025\\\/02\\\/SvM-logo-Xtra-Centrerad-SVART.png\",\"width\":300,\"height\":99,\"caption\":\"Melkerson y Nott SL\"},\"image\":{\"@id\":\"https:\\\/\\\/lightweb.dev\\\/l\\\/svm-temp\\\/#\\\/schema\\\/logo\\\/image\\\/\"},\"sameAs\":[\"https:\\\/\\\/www.facebook.com\\\/svenskamagasinet\",\"https:\\\/\\\/x.com\\\/SvenskaMagasine\"]},{\"@type\":\"Person\",\"@id\":\"https:\\\/\\\/lightweb.dev\\\/l\\\/svm-temp\\\/#\\\/schema\\\/person\\\/206a3bda5b607b0c25e1749191e4d837\",\"name\":\"Redaktionen SvM\",\"description\":\"Redaktionen\",\"sameAs\":[\"https:\\\/\\\/lightweb.dev\\\/l\\\/svm-temp\"],\"url\":\"https:\\\/\\\/lightweb.dev\\\/l\\\/svm-temp\\\/reporter\\\/redaktionen\\\/\"}]}<\/script>\n<!-- \/ Yoast SEO Premium plugin. -->","yoast_head_json":{"title":"Spanien f\u00f6ljer EU och utvisar ryska diplomater - Svenska Magasinet","robots":{"index":"noindex","follow":"follow","max-snippet":"max-snippet:-1","max-image-preview":"max-image-preview:large","max-video-preview":"max-video-preview:-1"},"og_locale":"sv_SE","og_type":"article","og_title":"Spanien f\u00f6ljer EU och utvisar ryska diplomater","og_description":"Efter att EU-l\u00e4nder beslutat att utvisa ryska diplomater tog Spanien beslutet under g\u00e5rdagen att utvisa 27 diplomater. Enligt utrikesministern Jos\u00e9 Manuel Albares (bilden) anses diplomaterna utg\u00f6ra \u201dett hot mot v\u00e5rt lands s\u00e4kerhet\u201d och p\u00e5 grund av \u201dde hemska bilder vi har sett fr\u00e5n massakern p\u00e5 400 civila i den ukrainska staden Bucha\u201d s\u00e5 delar vi [&hellip;]","og_url":"https:\/\/lightweb.dev\/l\/svm-temp\/nyheter\/spanien-foljer-eu-och-utvisar-ryska-diplomater\/","og_site_name":"Svenska Magasinet","article_publisher":"https:\/\/www.facebook.com\/svenskamagasinet","article_published_time":"2022-04-06T07:50:00+00:00","og_image":[{"width":500,"height":300,"url":"https:\/\/lightweb.dev\/l\/svm-temp\/wp-content\/uploads\/2022\/05\/spanien-foljer-eu-och-utvisar-ryska-diplomater.png","type":"image\/png"}],"author":"Redaktionen SvM","twitter_card":"summary_large_image","twitter_creator":"@SvenskaMagasine","twitter_site":"@SvenskaMagasine","schema":{"@context":"https:\/\/schema.org","@graph":[{"@type":"Article","@id":"https:\/\/lightweb.dev\/l\/svm-temp\/nyheter\/spanien-foljer-eu-och-utvisar-ryska-diplomater\/#article","isPartOf":{"@id":"https:\/\/lightweb.dev\/l\/svm-temp\/nyheter\/spanien-foljer-eu-och-utvisar-ryska-diplomater\/"},"author":{"name":"Redaktionen SvM","@id":"https:\/\/lightweb.dev\/l\/svm-temp\/#\/schema\/person\/206a3bda5b607b0c25e1749191e4d837"},"headline":"Spanien f\u00f6ljer EU och utvisar ryska diplomater","datePublished":"2022-04-06T07:50:00+00:00","mainEntityOfPage":{"@id":"https:\/\/lightweb.dev\/l\/svm-temp\/nyheter\/spanien-foljer-eu-och-utvisar-ryska-diplomater\/"},"wordCount":310,"commentCount":0,"publisher":{"@id":"https:\/\/lightweb.dev\/l\/svm-temp\/#organization"},"image":{"@id":"https:\/\/lightweb.dev\/l\/svm-temp\/nyheter\/spanien-foljer-eu-och-utvisar-ryska-diplomater\/#primaryimage"},"thumbnailUrl":"https:\/\/lightweb.dev\/l\/svm-temp\/wp-content\/uploads\/2022\/05\/spanien-foljer-eu-och-utvisar-ryska-diplomater.png","articleSection":["Arkiv","Nyheter"],"inLanguage":"sv-SE"},{"@type":"WebPage","@id":"https:\/\/lightweb.dev\/l\/svm-temp\/nyheter\/spanien-foljer-eu-och-utvisar-ryska-diplomater\/","url":"https:\/\/lightweb.dev\/l\/svm-temp\/nyheter\/spanien-foljer-eu-och-utvisar-ryska-diplomater\/","name":"Spanien f\u00f6ljer EU och utvisar ryska diplomater - Svenska Magasinet","isPartOf":{"@id":"https:\/\/lightweb.dev\/l\/svm-temp\/#website"},"primaryImageOfPage":{"@id":"https:\/\/lightweb.dev\/l\/svm-temp\/nyheter\/spanien-foljer-eu-och-utvisar-ryska-diplomater\/#primaryimage"},"image":{"@id":"https:\/\/lightweb.dev\/l\/svm-temp\/nyheter\/spanien-foljer-eu-och-utvisar-ryska-diplomater\/#primaryimage"},"thumbnailUrl":"https:\/\/lightweb.dev\/l\/svm-temp\/wp-content\/uploads\/2022\/05\/spanien-foljer-eu-och-utvisar-ryska-diplomater.png","datePublished":"2022-04-06T07:50:00+00:00","breadcrumb":{"@id":"https:\/\/lightweb.dev\/l\/svm-temp\/nyheter\/spanien-foljer-eu-och-utvisar-ryska-diplomater\/#breadcrumb"},"inLanguage":"sv-SE","potentialAction":[{"@type":"ReadAction","target":["https:\/\/lightweb.dev\/l\/svm-temp\/nyheter\/spanien-foljer-eu-och-utvisar-ryska-diplomater\/"]}]},{"@type":"ImageObject","inLanguage":"sv-SE","@id":"https:\/\/lightweb.dev\/l\/svm-temp\/nyheter\/spanien-foljer-eu-och-utvisar-ryska-diplomater\/#primaryimage","url":"https:\/\/lightweb.dev\/l\/svm-temp\/wp-content\/uploads\/2022\/05\/spanien-foljer-eu-och-utvisar-ryska-diplomater.png","contentUrl":"https:\/\/lightweb.dev\/l\/svm-temp\/wp-content\/uploads\/2022\/05\/spanien-foljer-eu-och-utvisar-ryska-diplomater.png","width":500,"height":300},{"@type":"BreadcrumbList","@id":"https:\/\/lightweb.dev\/l\/svm-temp\/nyheter\/spanien-foljer-eu-och-utvisar-ryska-diplomater\/#breadcrumb","itemListElement":[{"@type":"ListItem","position":1,"name":"Hem","item":"https:\/\/lightweb.dev\/l\/svm-temp\/"},{"@type":"ListItem","position":2,"name":"Spanien f\u00f6ljer EU och utvisar ryska diplomater"}]},{"@type":"WebSite","@id":"https:\/\/lightweb.dev\/l\/svm-temp\/#website","url":"https:\/\/lightweb.dev\/l\/svm-temp\/","name":"Svenska Magasinet","description":"Dina Spanska nyheter p&aring; Svenska","publisher":{"@id":"https:\/\/lightweb.dev\/l\/svm-temp\/#organization"},"potentialAction":[{"@type":"SearchAction","target":{"@type":"EntryPoint","urlTemplate":"https:\/\/lightweb.dev\/l\/svm-temp\/?s={search_term_string}"},"query-input":{"@type":"PropertyValueSpecification","valueRequired":true,"valueName":"search_term_string"}}],"inLanguage":"sv-SE"},{"@type":"Organization","@id":"https:\/\/lightweb.dev\/l\/svm-temp\/#organization","name":"Melkerson y Nott SL","alternateName":"Svenska Magasinet","url":"https:\/\/lightweb.dev\/l\/svm-temp\/","logo":{"@type":"ImageObject","inLanguage":"sv-SE","@id":"https:\/\/lightweb.dev\/l\/svm-temp\/#\/schema\/logo\/image\/","url":"https:\/\/lightweb.dev\/l\/svm-temp\/wp-content\/uploads\/2025\/02\/SvM-logo-Xtra-Centrerad-SVART.png","contentUrl":"https:\/\/lightweb.dev\/l\/svm-temp\/wp-content\/uploads\/2025\/02\/SvM-logo-Xtra-Centrerad-SVART.png","width":300,"height":99,"caption":"Melkerson y Nott SL"},"image":{"@id":"https:\/\/lightweb.dev\/l\/svm-temp\/#\/schema\/logo\/image\/"},"sameAs":["https:\/\/www.facebook.com\/svenskamagasinet","https:\/\/x.com\/SvenskaMagasine"]},{"@type":"Person","@id":"https:\/\/lightweb.dev\/l\/svm-temp\/#\/schema\/person\/206a3bda5b607b0c25e1749191e4d837","name":"Redaktionen SvM","description":"Redaktionen","sameAs":["https:\/\/lightweb.dev\/l\/svm-temp"],"url":"https:\/\/lightweb.dev\/l\/svm-temp\/reporter\/redaktionen\/"}]}},"_links":{"self":[{"href":"https:\/\/lightweb.dev\/l\/svm-temp\/wp-json\/wp\/v2\/posts\/9682","targetHints":{"allow":["GET"]}}],"collection":[{"href":"https:\/\/lightweb.dev\/l\/svm-temp\/wp-json\/wp\/v2\/posts"}],"about":[{"href":"https:\/\/lightweb.dev\/l\/svm-temp\/wp-json\/wp\/v2\/types\/post"}],"author":[{"embeddable":true,"href":"https:\/\/lightweb.dev\/l\/svm-temp\/wp-json\/wp\/v2\/users\/8"}],"replies":[{"embeddable":true,"href":"https:\/\/lightweb.dev\/l\/svm-temp\/wp-json\/wp\/v2\/comments?post=9682"}],"version-history":[{"count":0,"href":"https:\/\/lightweb.dev\/l\/svm-temp\/wp-json\/wp\/v2\/posts\/9682\/revisions"}],"wp:featuredmedia":[{"embeddable":true,"href":"https:\/\/lightweb.dev\/l\/svm-temp\/wp-json\/wp\/v2\/media\/9683"}],"wp:attachment":[{"href":"https:\/\/lightweb.dev\/l\/svm-temp\/wp-json\/wp\/v2\/media?parent=9682"}],"wp:term":[{"taxonomy":"category","embeddable":true,"href":"https:\/\/lightweb.dev\/l\/svm-temp\/wp-json\/wp\/v2\/categories?post=9682"},{"taxonomy":"post_tag","embeddable":true,"href":"https:\/\/lightweb.dev\/l\/svm-temp\/wp-json\/wp\/v2\/tags?post=9682"}],"curies":[{"name":"wp","href":"https:\/\/api.w.org\/{rel}","templated":true}]}}