{"id":9684,"date":"2022-04-06T10:18:00","date_gmt":"2022-04-06T08:18:00","guid":{"rendered":"https:\/\/lightweb.dev\/l\/svm-temp\/ett-av-varsta-ovadren-pa-fem-decennier\/"},"modified":"2022-04-06T10:18:00","modified_gmt":"2022-04-06T08:18:00","slug":"ett-av-varsta-ovadren-pa-fem-decennier","status":"publish","type":"post","link":"https:\/\/lightweb.dev\/l\/svm-temp\/nyheter\/ett-av-varsta-ovadren-pa-fem-decennier\/","title":{"rendered":"Ett av v\u00e4rsta ov\u00e4dren p\u00e5 fem decennier"},"content":{"rendered":"<p> Situationen \u00e4r oh\u00e5llbar och Marbellas samt San Pedro Alc\u00e1ntaras str\u00e4nder t\u00e5l inte en storm till. Det s\u00e4ger borgm\u00e4staren \u00c1ngeles Mu\u00f1oz som uppmanar centralregeringen att \u201dreagera och genomf\u00f6ra v\u00e5gbrytarprojektet en g\u00e5ng f\u00f6r alla\u201d. Hon fr\u00e5gar sig ocks\u00e5 hur det \u00e4r m\u00f6jligt att departementet f\u00f6r ekologisk omst\u00e4llning hittills har tagit fem \u00e5r p\u00e5 sig att g\u00f6ra en milj\u00f6redovisning f\u00f6r att ge projektet gr\u00f6nt ljus.<br \/>\n Kvarnarna mal uppenbart l\u00e5ngsamt. Samtidigt \u201d\u00e4ter\u201d havet upp Marbella strandremsa.<\/p>\n<p>\u00c1ngeles Mu\u00f1oz kr\u00e4ver ett m\u00f6te med ministern Teresa Ribera s\u00e5 att det blir ett politiskt beslut f\u00f6r stabilisering av kusten.<\/p>\n<p>De str\u00e4nder i Marbella som f\u00e5tt mest omfattande skador \u00e4r El Alicate (Costabella), La Fontanilla, El Faro, Casablanca samt La Fontanilla.<\/p>\n<p>Hamnmyndigheten i M\u00e1laga uppm\u00e4tte under g\u00e5rdagen v\u00e5gor p\u00e5 5,60 meter. Sedan 1958 har likande v\u00e5gor bara registrerats vid fem tillf\u00e4llen.<\/p>\n<p>Den 20 april 2017 upplevde Costa del Sol en liknande situation med v\u00e5gor som m\u00e4tte mellan 4,5 och 7 meter. Samma situation upplevde kusten i mars 1995.<\/p>\n<p>Inf\u00f6r Semana Santa och p\u00e5skveckan \u00e4r flera str\u00e4nder p\u00e5 Solkusten f\u00f6rst\u00f6rda. Det g\u00e4ller \u00e4ven strandrestauranger med vattenskador och d\u00e4r flera terrasser spolats bort.<\/p>\n<p>Provinsstyrelsens ordf\u00f6rande Francisco Salado ber S\u00e1nchezregeringen utlysa omr\u00e5det som katastrofzon.<\/p>\n<p>Solkusten har den senaste tiden drabbats av flera ov\u00e4der. Nyligen var det \u201dcalima\u201d med lerv\u00e4lling som regn d\u00e5 sand fr\u00e5n Sahara\u00f6knen f\u00f6ll fr\u00e5n himlen. <\/p>\n<p>Den h\u00e4r g\u00e5ngen \u00e4r det havet som \u201d\u00e4ter upp\u201d strandremsan.<\/p>\n<p>(Foto: Marbella kommun)<\/p>\n","protected":false},"excerpt":{"rendered":"<p>Situationen \u00e4r oh\u00e5llbar och Marbellas samt San Pedro Alc\u00e1ntaras str\u00e4nder t\u00e5l inte en storm till. Det s\u00e4ger borgm\u00e4staren \u00c1ngeles Mu\u00f1oz som uppmanar centralregeringen att \u201dreagera och genomf\u00f6ra v\u00e5gbrytarprojektet en g\u00e5ng f\u00f6r alla\u201d. Hon fr\u00e5gar sig ocks\u00e5 hur det \u00e4r m\u00f6jligt att departementet f\u00f6r ekologisk omst\u00e4llning hittills har tagit fem \u00e5r p\u00e5 sig att g\u00f6ra en [&hellip;]<\/p>\n","protected":false},"author":8,"featured_media":9685,"comment_status":"open","ping_status":"open","sticky":false,"template":"","format":"standard","meta":{"_et_pb_use_builder":"","_et_pb_old_content":"","_et_gb_content_width":"","footnotes":""},"categories":[395,3],"tags":[],"class_list":["post-9684","post","type-post","status-publish","format-standard","has-post-thumbnail","hentry","category-arkiv-nyheter","category-nyheter"],"yoast_head":"<!-- This site is optimized with the Yoast SEO Premium plugin v26.2 (Yoast SEO v27.4) - https:\/\/yoast.com\/product\/yoast-seo-premium-wordpress\/ -->\n<title>Ett av v\u00e4rsta ov\u00e4dren p\u00e5 fem decennier - Svenska Magasinet<\/title>\n<meta name=\"robots\" content=\"noindex, follow, max-snippet:-1, max-image-preview:large, max-video-preview:-1\" \/>\n<meta property=\"og:locale\" content=\"sv_SE\" \/>\n<meta property=\"og:type\" content=\"article\" \/>\n<meta property=\"og:title\" content=\"Ett av v\u00e4rsta ov\u00e4dren p\u00e5 fem decennier\" \/>\n<meta property=\"og:description\" content=\"Situationen \u00e4r oh\u00e5llbar och Marbellas samt San Pedro Alc\u00e1ntaras str\u00e4nder t\u00e5l inte en storm till. Det s\u00e4ger borgm\u00e4staren \u00c1ngeles Mu\u00f1oz som uppmanar centralregeringen att \u201dreagera och genomf\u00f6ra v\u00e5gbrytarprojektet en g\u00e5ng f\u00f6r alla\u201d. Hon fr\u00e5gar sig ocks\u00e5 hur det \u00e4r m\u00f6jligt att departementet f\u00f6r ekologisk omst\u00e4llning hittills har tagit fem \u00e5r p\u00e5 sig att g\u00f6ra en [&hellip;]\" \/>\n<meta property=\"og:url\" content=\"https:\/\/lightweb.dev\/l\/svm-temp\/nyheter\/ett-av-varsta-ovadren-pa-fem-decennier\/\" \/>\n<meta property=\"og:site_name\" content=\"Svenska Magasinet\" \/>\n<meta property=\"article:publisher\" content=\"https:\/\/www.facebook.com\/svenskamagasinet\" \/>\n<meta property=\"article:published_time\" content=\"2022-04-06T08:18:00+00:00\" \/>\n<meta property=\"og:image\" content=\"https:\/\/lightweb.dev\/l\/svm-temp\/wp-content\/uploads\/2022\/05\/ett-av-varsta-ovadren-pa-fem-decennier.png\" \/>\n\t<meta property=\"og:image:width\" content=\"500\" \/>\n\t<meta property=\"og:image:height\" content=\"300\" \/>\n\t<meta property=\"og:image:type\" content=\"image\/png\" \/>\n<meta name=\"author\" content=\"Redaktionen SvM\" \/>\n<meta name=\"twitter:card\" content=\"summary_large_image\" \/>\n<meta name=\"twitter:creator\" content=\"@SvenskaMagasine\" \/>\n<meta name=\"twitter:site\" content=\"@SvenskaMagasine\" \/>\n<script type=\"application\/ld+json\" class=\"yoast-schema-graph\">{\"@context\":\"https:\\\/\\\/schema.org\",\"@graph\":[{\"@type\":\"Article\",\"@id\":\"https:\\\/\\\/lightweb.dev\\\/l\\\/svm-temp\\\/nyheter\\\/ett-av-varsta-ovadren-pa-fem-decennier\\\/#article\",\"isPartOf\":{\"@id\":\"https:\\\/\\\/lightweb.dev\\\/l\\\/svm-temp\\\/nyheter\\\/ett-av-varsta-ovadren-pa-fem-decennier\\\/\"},\"author\":{\"name\":\"Redaktionen SvM\",\"@id\":\"https:\\\/\\\/lightweb.dev\\\/l\\\/svm-temp\\\/#\\\/schema\\\/person\\\/206a3bda5b607b0c25e1749191e4d837\"},\"headline\":\"Ett av v\u00e4rsta ov\u00e4dren p\u00e5 fem decennier\",\"datePublished\":\"2022-04-06T08:18:00+00:00\",\"mainEntityOfPage\":{\"@id\":\"https:\\\/\\\/lightweb.dev\\\/l\\\/svm-temp\\\/nyheter\\\/ett-av-varsta-ovadren-pa-fem-decennier\\\/\"},\"wordCount\":284,\"commentCount\":0,\"publisher\":{\"@id\":\"https:\\\/\\\/lightweb.dev\\\/l\\\/svm-temp\\\/#organization\"},\"image\":{\"@id\":\"https:\\\/\\\/lightweb.dev\\\/l\\\/svm-temp\\\/nyheter\\\/ett-av-varsta-ovadren-pa-fem-decennier\\\/#primaryimage\"},\"thumbnailUrl\":\"https:\\\/\\\/lightweb.dev\\\/l\\\/svm-temp\\\/wp-content\\\/uploads\\\/2022\\\/05\\\/ett-av-varsta-ovadren-pa-fem-decennier.png\",\"articleSection\":[\"Arkiv\",\"Nyheter\"],\"inLanguage\":\"sv-SE\"},{\"@type\":\"WebPage\",\"@id\":\"https:\\\/\\\/lightweb.dev\\\/l\\\/svm-temp\\\/nyheter\\\/ett-av-varsta-ovadren-pa-fem-decennier\\\/\",\"url\":\"https:\\\/\\\/lightweb.dev\\\/l\\\/svm-temp\\\/nyheter\\\/ett-av-varsta-ovadren-pa-fem-decennier\\\/\",\"name\":\"Ett av v\u00e4rsta ov\u00e4dren p\u00e5 fem decennier - Svenska Magasinet\",\"isPartOf\":{\"@id\":\"https:\\\/\\\/lightweb.dev\\\/l\\\/svm-temp\\\/#website\"},\"primaryImageOfPage\":{\"@id\":\"https:\\\/\\\/lightweb.dev\\\/l\\\/svm-temp\\\/nyheter\\\/ett-av-varsta-ovadren-pa-fem-decennier\\\/#primaryimage\"},\"image\":{\"@id\":\"https:\\\/\\\/lightweb.dev\\\/l\\\/svm-temp\\\/nyheter\\\/ett-av-varsta-ovadren-pa-fem-decennier\\\/#primaryimage\"},\"thumbnailUrl\":\"https:\\\/\\\/lightweb.dev\\\/l\\\/svm-temp\\\/wp-content\\\/uploads\\\/2022\\\/05\\\/ett-av-varsta-ovadren-pa-fem-decennier.png\",\"datePublished\":\"2022-04-06T08:18:00+00:00\",\"breadcrumb\":{\"@id\":\"https:\\\/\\\/lightweb.dev\\\/l\\\/svm-temp\\\/nyheter\\\/ett-av-varsta-ovadren-pa-fem-decennier\\\/#breadcrumb\"},\"inLanguage\":\"sv-SE\",\"potentialAction\":[{\"@type\":\"ReadAction\",\"target\":[\"https:\\\/\\\/lightweb.dev\\\/l\\\/svm-temp\\\/nyheter\\\/ett-av-varsta-ovadren-pa-fem-decennier\\\/\"]}]},{\"@type\":\"ImageObject\",\"inLanguage\":\"sv-SE\",\"@id\":\"https:\\\/\\\/lightweb.dev\\\/l\\\/svm-temp\\\/nyheter\\\/ett-av-varsta-ovadren-pa-fem-decennier\\\/#primaryimage\",\"url\":\"https:\\\/\\\/lightweb.dev\\\/l\\\/svm-temp\\\/wp-content\\\/uploads\\\/2022\\\/05\\\/ett-av-varsta-ovadren-pa-fem-decennier.png\",\"contentUrl\":\"https:\\\/\\\/lightweb.dev\\\/l\\\/svm-temp\\\/wp-content\\\/uploads\\\/2022\\\/05\\\/ett-av-varsta-ovadren-pa-fem-decennier.png\",\"width\":500,\"height\":300},{\"@type\":\"BreadcrumbList\",\"@id\":\"https:\\\/\\\/lightweb.dev\\\/l\\\/svm-temp\\\/nyheter\\\/ett-av-varsta-ovadren-pa-fem-decennier\\\/#breadcrumb\",\"itemListElement\":[{\"@type\":\"ListItem\",\"position\":1,\"name\":\"Hem\",\"item\":\"https:\\\/\\\/lightweb.dev\\\/l\\\/svm-temp\\\/\"},{\"@type\":\"ListItem\",\"position\":2,\"name\":\"Ett av v\u00e4rsta ov\u00e4dren p\u00e5 fem decennier\"}]},{\"@type\":\"WebSite\",\"@id\":\"https:\\\/\\\/lightweb.dev\\\/l\\\/svm-temp\\\/#website\",\"url\":\"https:\\\/\\\/lightweb.dev\\\/l\\\/svm-temp\\\/\",\"name\":\"Svenska Magasinet\",\"description\":\"Dina Spanska nyheter p&aring; Svenska\",\"publisher\":{\"@id\":\"https:\\\/\\\/lightweb.dev\\\/l\\\/svm-temp\\\/#organization\"},\"potentialAction\":[{\"@type\":\"SearchAction\",\"target\":{\"@type\":\"EntryPoint\",\"urlTemplate\":\"https:\\\/\\\/lightweb.dev\\\/l\\\/svm-temp\\\/?s={search_term_string}\"},\"query-input\":{\"@type\":\"PropertyValueSpecification\",\"valueRequired\":true,\"valueName\":\"search_term_string\"}}],\"inLanguage\":\"sv-SE\"},{\"@type\":\"Organization\",\"@id\":\"https:\\\/\\\/lightweb.dev\\\/l\\\/svm-temp\\\/#organization\",\"name\":\"Melkerson y Nott SL\",\"alternateName\":\"Svenska Magasinet\",\"url\":\"https:\\\/\\\/lightweb.dev\\\/l\\\/svm-temp\\\/\",\"logo\":{\"@type\":\"ImageObject\",\"inLanguage\":\"sv-SE\",\"@id\":\"https:\\\/\\\/lightweb.dev\\\/l\\\/svm-temp\\\/#\\\/schema\\\/logo\\\/image\\\/\",\"url\":\"https:\\\/\\\/lightweb.dev\\\/l\\\/svm-temp\\\/wp-content\\\/uploads\\\/2025\\\/02\\\/SvM-logo-Xtra-Centrerad-SVART.png\",\"contentUrl\":\"https:\\\/\\\/lightweb.dev\\\/l\\\/svm-temp\\\/wp-content\\\/uploads\\\/2025\\\/02\\\/SvM-logo-Xtra-Centrerad-SVART.png\",\"width\":300,\"height\":99,\"caption\":\"Melkerson y Nott SL\"},\"image\":{\"@id\":\"https:\\\/\\\/lightweb.dev\\\/l\\\/svm-temp\\\/#\\\/schema\\\/logo\\\/image\\\/\"},\"sameAs\":[\"https:\\\/\\\/www.facebook.com\\\/svenskamagasinet\",\"https:\\\/\\\/x.com\\\/SvenskaMagasine\"]},{\"@type\":\"Person\",\"@id\":\"https:\\\/\\\/lightweb.dev\\\/l\\\/svm-temp\\\/#\\\/schema\\\/person\\\/206a3bda5b607b0c25e1749191e4d837\",\"name\":\"Redaktionen SvM\",\"description\":\"Redaktionen\",\"sameAs\":[\"https:\\\/\\\/lightweb.dev\\\/l\\\/svm-temp\"],\"url\":\"https:\\\/\\\/lightweb.dev\\\/l\\\/svm-temp\\\/reporter\\\/redaktionen\\\/\"}]}<\/script>\n<!-- \/ Yoast SEO Premium plugin. -->","yoast_head_json":{"title":"Ett av v\u00e4rsta ov\u00e4dren p\u00e5 fem decennier - Svenska Magasinet","robots":{"index":"noindex","follow":"follow","max-snippet":"max-snippet:-1","max-image-preview":"max-image-preview:large","max-video-preview":"max-video-preview:-1"},"og_locale":"sv_SE","og_type":"article","og_title":"Ett av v\u00e4rsta ov\u00e4dren p\u00e5 fem decennier","og_description":"Situationen \u00e4r oh\u00e5llbar och Marbellas samt San Pedro Alc\u00e1ntaras str\u00e4nder t\u00e5l inte en storm till. Det s\u00e4ger borgm\u00e4staren \u00c1ngeles Mu\u00f1oz som uppmanar centralregeringen att \u201dreagera och genomf\u00f6ra v\u00e5gbrytarprojektet en g\u00e5ng f\u00f6r alla\u201d. Hon fr\u00e5gar sig ocks\u00e5 hur det \u00e4r m\u00f6jligt att departementet f\u00f6r ekologisk omst\u00e4llning hittills har tagit fem \u00e5r p\u00e5 sig att g\u00f6ra en [&hellip;]","og_url":"https:\/\/lightweb.dev\/l\/svm-temp\/nyheter\/ett-av-varsta-ovadren-pa-fem-decennier\/","og_site_name":"Svenska Magasinet","article_publisher":"https:\/\/www.facebook.com\/svenskamagasinet","article_published_time":"2022-04-06T08:18:00+00:00","og_image":[{"width":500,"height":300,"url":"https:\/\/lightweb.dev\/l\/svm-temp\/wp-content\/uploads\/2022\/05\/ett-av-varsta-ovadren-pa-fem-decennier.png","type":"image\/png"}],"author":"Redaktionen SvM","twitter_card":"summary_large_image","twitter_creator":"@SvenskaMagasine","twitter_site":"@SvenskaMagasine","schema":{"@context":"https:\/\/schema.org","@graph":[{"@type":"Article","@id":"https:\/\/lightweb.dev\/l\/svm-temp\/nyheter\/ett-av-varsta-ovadren-pa-fem-decennier\/#article","isPartOf":{"@id":"https:\/\/lightweb.dev\/l\/svm-temp\/nyheter\/ett-av-varsta-ovadren-pa-fem-decennier\/"},"author":{"name":"Redaktionen SvM","@id":"https:\/\/lightweb.dev\/l\/svm-temp\/#\/schema\/person\/206a3bda5b607b0c25e1749191e4d837"},"headline":"Ett av v\u00e4rsta ov\u00e4dren p\u00e5 fem decennier","datePublished":"2022-04-06T08:18:00+00:00","mainEntityOfPage":{"@id":"https:\/\/lightweb.dev\/l\/svm-temp\/nyheter\/ett-av-varsta-ovadren-pa-fem-decennier\/"},"wordCount":284,"commentCount":0,"publisher":{"@id":"https:\/\/lightweb.dev\/l\/svm-temp\/#organization"},"image":{"@id":"https:\/\/lightweb.dev\/l\/svm-temp\/nyheter\/ett-av-varsta-ovadren-pa-fem-decennier\/#primaryimage"},"thumbnailUrl":"https:\/\/lightweb.dev\/l\/svm-temp\/wp-content\/uploads\/2022\/05\/ett-av-varsta-ovadren-pa-fem-decennier.png","articleSection":["Arkiv","Nyheter"],"inLanguage":"sv-SE"},{"@type":"WebPage","@id":"https:\/\/lightweb.dev\/l\/svm-temp\/nyheter\/ett-av-varsta-ovadren-pa-fem-decennier\/","url":"https:\/\/lightweb.dev\/l\/svm-temp\/nyheter\/ett-av-varsta-ovadren-pa-fem-decennier\/","name":"Ett av v\u00e4rsta ov\u00e4dren p\u00e5 fem decennier - Svenska Magasinet","isPartOf":{"@id":"https:\/\/lightweb.dev\/l\/svm-temp\/#website"},"primaryImageOfPage":{"@id":"https:\/\/lightweb.dev\/l\/svm-temp\/nyheter\/ett-av-varsta-ovadren-pa-fem-decennier\/#primaryimage"},"image":{"@id":"https:\/\/lightweb.dev\/l\/svm-temp\/nyheter\/ett-av-varsta-ovadren-pa-fem-decennier\/#primaryimage"},"thumbnailUrl":"https:\/\/lightweb.dev\/l\/svm-temp\/wp-content\/uploads\/2022\/05\/ett-av-varsta-ovadren-pa-fem-decennier.png","datePublished":"2022-04-06T08:18:00+00:00","breadcrumb":{"@id":"https:\/\/lightweb.dev\/l\/svm-temp\/nyheter\/ett-av-varsta-ovadren-pa-fem-decennier\/#breadcrumb"},"inLanguage":"sv-SE","potentialAction":[{"@type":"ReadAction","target":["https:\/\/lightweb.dev\/l\/svm-temp\/nyheter\/ett-av-varsta-ovadren-pa-fem-decennier\/"]}]},{"@type":"ImageObject","inLanguage":"sv-SE","@id":"https:\/\/lightweb.dev\/l\/svm-temp\/nyheter\/ett-av-varsta-ovadren-pa-fem-decennier\/#primaryimage","url":"https:\/\/lightweb.dev\/l\/svm-temp\/wp-content\/uploads\/2022\/05\/ett-av-varsta-ovadren-pa-fem-decennier.png","contentUrl":"https:\/\/lightweb.dev\/l\/svm-temp\/wp-content\/uploads\/2022\/05\/ett-av-varsta-ovadren-pa-fem-decennier.png","width":500,"height":300},{"@type":"BreadcrumbList","@id":"https:\/\/lightweb.dev\/l\/svm-temp\/nyheter\/ett-av-varsta-ovadren-pa-fem-decennier\/#breadcrumb","itemListElement":[{"@type":"ListItem","position":1,"name":"Hem","item":"https:\/\/lightweb.dev\/l\/svm-temp\/"},{"@type":"ListItem","position":2,"name":"Ett av v\u00e4rsta ov\u00e4dren p\u00e5 fem decennier"}]},{"@type":"WebSite","@id":"https:\/\/lightweb.dev\/l\/svm-temp\/#website","url":"https:\/\/lightweb.dev\/l\/svm-temp\/","name":"Svenska Magasinet","description":"Dina Spanska nyheter p&aring; Svenska","publisher":{"@id":"https:\/\/lightweb.dev\/l\/svm-temp\/#organization"},"potentialAction":[{"@type":"SearchAction","target":{"@type":"EntryPoint","urlTemplate":"https:\/\/lightweb.dev\/l\/svm-temp\/?s={search_term_string}"},"query-input":{"@type":"PropertyValueSpecification","valueRequired":true,"valueName":"search_term_string"}}],"inLanguage":"sv-SE"},{"@type":"Organization","@id":"https:\/\/lightweb.dev\/l\/svm-temp\/#organization","name":"Melkerson y Nott SL","alternateName":"Svenska Magasinet","url":"https:\/\/lightweb.dev\/l\/svm-temp\/","logo":{"@type":"ImageObject","inLanguage":"sv-SE","@id":"https:\/\/lightweb.dev\/l\/svm-temp\/#\/schema\/logo\/image\/","url":"https:\/\/lightweb.dev\/l\/svm-temp\/wp-content\/uploads\/2025\/02\/SvM-logo-Xtra-Centrerad-SVART.png","contentUrl":"https:\/\/lightweb.dev\/l\/svm-temp\/wp-content\/uploads\/2025\/02\/SvM-logo-Xtra-Centrerad-SVART.png","width":300,"height":99,"caption":"Melkerson y Nott SL"},"image":{"@id":"https:\/\/lightweb.dev\/l\/svm-temp\/#\/schema\/logo\/image\/"},"sameAs":["https:\/\/www.facebook.com\/svenskamagasinet","https:\/\/x.com\/SvenskaMagasine"]},{"@type":"Person","@id":"https:\/\/lightweb.dev\/l\/svm-temp\/#\/schema\/person\/206a3bda5b607b0c25e1749191e4d837","name":"Redaktionen SvM","description":"Redaktionen","sameAs":["https:\/\/lightweb.dev\/l\/svm-temp"],"url":"https:\/\/lightweb.dev\/l\/svm-temp\/reporter\/redaktionen\/"}]}},"_links":{"self":[{"href":"https:\/\/lightweb.dev\/l\/svm-temp\/wp-json\/wp\/v2\/posts\/9684","targetHints":{"allow":["GET"]}}],"collection":[{"href":"https:\/\/lightweb.dev\/l\/svm-temp\/wp-json\/wp\/v2\/posts"}],"about":[{"href":"https:\/\/lightweb.dev\/l\/svm-temp\/wp-json\/wp\/v2\/types\/post"}],"author":[{"embeddable":true,"href":"https:\/\/lightweb.dev\/l\/svm-temp\/wp-json\/wp\/v2\/users\/8"}],"replies":[{"embeddable":true,"href":"https:\/\/lightweb.dev\/l\/svm-temp\/wp-json\/wp\/v2\/comments?post=9684"}],"version-history":[{"count":0,"href":"https:\/\/lightweb.dev\/l\/svm-temp\/wp-json\/wp\/v2\/posts\/9684\/revisions"}],"wp:featuredmedia":[{"embeddable":true,"href":"https:\/\/lightweb.dev\/l\/svm-temp\/wp-json\/wp\/v2\/media\/9685"}],"wp:attachment":[{"href":"https:\/\/lightweb.dev\/l\/svm-temp\/wp-json\/wp\/v2\/media?parent=9684"}],"wp:term":[{"taxonomy":"category","embeddable":true,"href":"https:\/\/lightweb.dev\/l\/svm-temp\/wp-json\/wp\/v2\/categories?post=9684"},{"taxonomy":"post_tag","embeddable":true,"href":"https:\/\/lightweb.dev\/l\/svm-temp\/wp-json\/wp\/v2\/tags?post=9684"}],"curies":[{"name":"wp","href":"https:\/\/api.w.org\/{rel}","templated":true}]}}