{"id":9688,"date":"2022-04-06T15:03:00","date_gmt":"2022-04-06T13:03:00","guid":{"rendered":"https:\/\/lightweb.dev\/l\/svm-temp\/munskyddskravet-inomhus-havs-20-april\/"},"modified":"2022-04-06T15:03:00","modified_gmt":"2022-04-06T13:03:00","slug":"munskyddskravet-inomhus-havs-20-april","status":"publish","type":"post","link":"https:\/\/lightweb.dev\/l\/svm-temp\/nyheter\/munskyddskravet-inomhus-havs-20-april\/","title":{"rendered":"Munskyddskravet inomhus h\u00e4vs 20 april"},"content":{"rendered":"<p> Efter 23 m\u00e5nader h\u00e4vs den 20 april munskyddskravet i de flesta offentliga inomhusmilj\u00f6er i Spanien. H\u00e4lsov\u00e5rdsdepartementet har beslutat att f\u00f6lja experternas rekommendation och l\u00e5ta kravet vara kvar \u00f6ver p\u00e5sk.<br \/>\n Det har under de senaste m\u00e5naderna angetts olika datum f\u00f6r n\u00e4r kravet p\u00e5 munskydd inomhus ska h\u00e4vas. S\u00e5 sent som f\u00f6r ett par dagar angavs den 12 april.<\/p>\n<p>L\u00e4s mer: Munskyddskravet inomhus kan komma att h\u00e4vas fr\u00e5n 12 april<\/p>\n<p>Vid tisdagens m\u00f6te i Toledo mellan h\u00e4lsov\u00e5rdsdepartementet och de autonoma regionerna kom beslutet att h\u00e4va munskyddskravet i offentlig inomhusmilj\u00f6 den 20 april. Fr\u00e5n d\u00e5 g\u00e4ller det enbart p\u00e5 sjukhus, \u00e5lderdomshem och i kollektivtrafiken.<\/p>\n<p>Rent formellt kommer regeringen att ta beslutet vid ministerm\u00f6tet den 19 april och dagen d\u00e4rp\u00e5, den 20 april, tr\u00e4der beslutet i kraft d\u00e5 det publiceras i statens officiella bulletin BOE, enligt h\u00e4lsov\u00e5rdsministern Carolina Darias.<\/p>\n<p>I forts\u00e4ttningen blir det en rekommendation f\u00f6r den mest utsatta befolkningen som ing\u00e5r i riskgrupper att anv\u00e4nda munskydd n\u00e4r inte ett avst\u00e5nd p\u00e5 en och en halv meter kan h\u00e5llas och p\u00e5 platser med inte tillr\u00e4ckligt bra ventilation. Det kan vara k\u00f6pcentrum, butiker, biografer, museer eller barer.<\/p>\n<p>Rekommendationen g\u00e4ller \u00e4ven arbetsplatser om det inte finns tillr\u00e4cklig ventilation eller utrymme mellan anst\u00e4llda.<\/p>\n<p>Spanien inf\u00f6rde obligatoriskt krav p\u00e5 munskydd den 19 maj 2020. Det lyftes utomhus i juni 2021 f\u00f6r att \u00e5terinf\u00f6ras en kortare tid i samband med omikronvarianten i slutet p\u00e5 fjol\u00e5ret.<\/p>\n<p>L\u00e4s mer: S\u00e5 p\u00e5verkar munskyddskravet r\u00f6st och h\u00f6rsel<\/p>\n","protected":false},"excerpt":{"rendered":"<p>Efter 23 m\u00e5nader h\u00e4vs den 20 april munskyddskravet i de flesta offentliga inomhusmilj\u00f6er i Spanien. H\u00e4lsov\u00e5rdsdepartementet har beslutat att f\u00f6lja experternas rekommendation och l\u00e5ta kravet vara kvar \u00f6ver p\u00e5sk. Det har under de senaste m\u00e5naderna angetts olika datum f\u00f6r n\u00e4r kravet p\u00e5 munskydd inomhus ska h\u00e4vas. S\u00e5 sent som f\u00f6r ett par dagar angavs den [&hellip;]<\/p>\n","protected":false},"author":8,"featured_media":9689,"comment_status":"open","ping_status":"open","sticky":false,"template":"","format":"standard","meta":{"_et_pb_use_builder":"","_et_pb_old_content":"","_et_gb_content_width":"","footnotes":""},"categories":[395,3],"tags":[],"class_list":["post-9688","post","type-post","status-publish","format-standard","has-post-thumbnail","hentry","category-arkiv-nyheter","category-nyheter"],"yoast_head":"<!-- This site is optimized with the Yoast SEO Premium plugin v26.2 (Yoast SEO v27.4) - https:\/\/yoast.com\/product\/yoast-seo-premium-wordpress\/ -->\n<title>Munskyddskravet inomhus h\u00e4vs 20 april - Svenska Magasinet<\/title>\n<meta name=\"robots\" content=\"noindex, follow, max-snippet:-1, max-image-preview:large, max-video-preview:-1\" \/>\n<meta property=\"og:locale\" content=\"sv_SE\" \/>\n<meta property=\"og:type\" content=\"article\" \/>\n<meta property=\"og:title\" content=\"Munskyddskravet inomhus h\u00e4vs 20 april\" \/>\n<meta property=\"og:description\" content=\"Efter 23 m\u00e5nader h\u00e4vs den 20 april munskyddskravet i de flesta offentliga inomhusmilj\u00f6er i Spanien. H\u00e4lsov\u00e5rdsdepartementet har beslutat att f\u00f6lja experternas rekommendation och l\u00e5ta kravet vara kvar \u00f6ver p\u00e5sk. Det har under de senaste m\u00e5naderna angetts olika datum f\u00f6r n\u00e4r kravet p\u00e5 munskydd inomhus ska h\u00e4vas. S\u00e5 sent som f\u00f6r ett par dagar angavs den [&hellip;]\" \/>\n<meta property=\"og:url\" content=\"https:\/\/lightweb.dev\/l\/svm-temp\/nyheter\/munskyddskravet-inomhus-havs-20-april\/\" \/>\n<meta property=\"og:site_name\" content=\"Svenska Magasinet\" \/>\n<meta property=\"article:publisher\" content=\"https:\/\/www.facebook.com\/svenskamagasinet\" \/>\n<meta property=\"article:published_time\" content=\"2022-04-06T13:03:00+00:00\" \/>\n<meta property=\"og:image\" content=\"https:\/\/lightweb.dev\/l\/svm-temp\/wp-content\/uploads\/2022\/05\/munskyddskravet-inomhus-havs-20-april.png\" \/>\n\t<meta property=\"og:image:width\" content=\"500\" \/>\n\t<meta property=\"og:image:height\" content=\"300\" \/>\n\t<meta property=\"og:image:type\" content=\"image\/png\" \/>\n<meta name=\"author\" content=\"Redaktionen SvM\" \/>\n<meta name=\"twitter:card\" content=\"summary_large_image\" \/>\n<meta name=\"twitter:creator\" content=\"@SvenskaMagasine\" \/>\n<meta name=\"twitter:site\" content=\"@SvenskaMagasine\" \/>\n<script type=\"application\/ld+json\" class=\"yoast-schema-graph\">{\"@context\":\"https:\\\/\\\/schema.org\",\"@graph\":[{\"@type\":\"Article\",\"@id\":\"https:\\\/\\\/lightweb.dev\\\/l\\\/svm-temp\\\/nyheter\\\/munskyddskravet-inomhus-havs-20-april\\\/#article\",\"isPartOf\":{\"@id\":\"https:\\\/\\\/lightweb.dev\\\/l\\\/svm-temp\\\/nyheter\\\/munskyddskravet-inomhus-havs-20-april\\\/\"},\"author\":{\"name\":\"Redaktionen SvM\",\"@id\":\"https:\\\/\\\/lightweb.dev\\\/l\\\/svm-temp\\\/#\\\/schema\\\/person\\\/206a3bda5b607b0c25e1749191e4d837\"},\"headline\":\"Munskyddskravet inomhus h\u00e4vs 20 april\",\"datePublished\":\"2022-04-06T13:03:00+00:00\",\"mainEntityOfPage\":{\"@id\":\"https:\\\/\\\/lightweb.dev\\\/l\\\/svm-temp\\\/nyheter\\\/munskyddskravet-inomhus-havs-20-april\\\/\"},\"wordCount\":276,\"commentCount\":0,\"publisher\":{\"@id\":\"https:\\\/\\\/lightweb.dev\\\/l\\\/svm-temp\\\/#organization\"},\"image\":{\"@id\":\"https:\\\/\\\/lightweb.dev\\\/l\\\/svm-temp\\\/nyheter\\\/munskyddskravet-inomhus-havs-20-april\\\/#primaryimage\"},\"thumbnailUrl\":\"https:\\\/\\\/lightweb.dev\\\/l\\\/svm-temp\\\/wp-content\\\/uploads\\\/2022\\\/05\\\/munskyddskravet-inomhus-havs-20-april.png\",\"articleSection\":[\"Arkiv\",\"Nyheter\"],\"inLanguage\":\"sv-SE\"},{\"@type\":\"WebPage\",\"@id\":\"https:\\\/\\\/lightweb.dev\\\/l\\\/svm-temp\\\/nyheter\\\/munskyddskravet-inomhus-havs-20-april\\\/\",\"url\":\"https:\\\/\\\/lightweb.dev\\\/l\\\/svm-temp\\\/nyheter\\\/munskyddskravet-inomhus-havs-20-april\\\/\",\"name\":\"Munskyddskravet inomhus h\u00e4vs 20 april - Svenska Magasinet\",\"isPartOf\":{\"@id\":\"https:\\\/\\\/lightweb.dev\\\/l\\\/svm-temp\\\/#website\"},\"primaryImageOfPage\":{\"@id\":\"https:\\\/\\\/lightweb.dev\\\/l\\\/svm-temp\\\/nyheter\\\/munskyddskravet-inomhus-havs-20-april\\\/#primaryimage\"},\"image\":{\"@id\":\"https:\\\/\\\/lightweb.dev\\\/l\\\/svm-temp\\\/nyheter\\\/munskyddskravet-inomhus-havs-20-april\\\/#primaryimage\"},\"thumbnailUrl\":\"https:\\\/\\\/lightweb.dev\\\/l\\\/svm-temp\\\/wp-content\\\/uploads\\\/2022\\\/05\\\/munskyddskravet-inomhus-havs-20-april.png\",\"datePublished\":\"2022-04-06T13:03:00+00:00\",\"breadcrumb\":{\"@id\":\"https:\\\/\\\/lightweb.dev\\\/l\\\/svm-temp\\\/nyheter\\\/munskyddskravet-inomhus-havs-20-april\\\/#breadcrumb\"},\"inLanguage\":\"sv-SE\",\"potentialAction\":[{\"@type\":\"ReadAction\",\"target\":[\"https:\\\/\\\/lightweb.dev\\\/l\\\/svm-temp\\\/nyheter\\\/munskyddskravet-inomhus-havs-20-april\\\/\"]}]},{\"@type\":\"ImageObject\",\"inLanguage\":\"sv-SE\",\"@id\":\"https:\\\/\\\/lightweb.dev\\\/l\\\/svm-temp\\\/nyheter\\\/munskyddskravet-inomhus-havs-20-april\\\/#primaryimage\",\"url\":\"https:\\\/\\\/lightweb.dev\\\/l\\\/svm-temp\\\/wp-content\\\/uploads\\\/2022\\\/05\\\/munskyddskravet-inomhus-havs-20-april.png\",\"contentUrl\":\"https:\\\/\\\/lightweb.dev\\\/l\\\/svm-temp\\\/wp-content\\\/uploads\\\/2022\\\/05\\\/munskyddskravet-inomhus-havs-20-april.png\",\"width\":500,\"height\":300},{\"@type\":\"BreadcrumbList\",\"@id\":\"https:\\\/\\\/lightweb.dev\\\/l\\\/svm-temp\\\/nyheter\\\/munskyddskravet-inomhus-havs-20-april\\\/#breadcrumb\",\"itemListElement\":[{\"@type\":\"ListItem\",\"position\":1,\"name\":\"Hem\",\"item\":\"https:\\\/\\\/lightweb.dev\\\/l\\\/svm-temp\\\/\"},{\"@type\":\"ListItem\",\"position\":2,\"name\":\"Munskyddskravet inomhus h\u00e4vs 20 april\"}]},{\"@type\":\"WebSite\",\"@id\":\"https:\\\/\\\/lightweb.dev\\\/l\\\/svm-temp\\\/#website\",\"url\":\"https:\\\/\\\/lightweb.dev\\\/l\\\/svm-temp\\\/\",\"name\":\"Svenska Magasinet\",\"description\":\"Dina Spanska nyheter p&aring; Svenska\",\"publisher\":{\"@id\":\"https:\\\/\\\/lightweb.dev\\\/l\\\/svm-temp\\\/#organization\"},\"potentialAction\":[{\"@type\":\"SearchAction\",\"target\":{\"@type\":\"EntryPoint\",\"urlTemplate\":\"https:\\\/\\\/lightweb.dev\\\/l\\\/svm-temp\\\/?s={search_term_string}\"},\"query-input\":{\"@type\":\"PropertyValueSpecification\",\"valueRequired\":true,\"valueName\":\"search_term_string\"}}],\"inLanguage\":\"sv-SE\"},{\"@type\":\"Organization\",\"@id\":\"https:\\\/\\\/lightweb.dev\\\/l\\\/svm-temp\\\/#organization\",\"name\":\"Melkerson y Nott SL\",\"alternateName\":\"Svenska Magasinet\",\"url\":\"https:\\\/\\\/lightweb.dev\\\/l\\\/svm-temp\\\/\",\"logo\":{\"@type\":\"ImageObject\",\"inLanguage\":\"sv-SE\",\"@id\":\"https:\\\/\\\/lightweb.dev\\\/l\\\/svm-temp\\\/#\\\/schema\\\/logo\\\/image\\\/\",\"url\":\"https:\\\/\\\/lightweb.dev\\\/l\\\/svm-temp\\\/wp-content\\\/uploads\\\/2025\\\/02\\\/SvM-logo-Xtra-Centrerad-SVART.png\",\"contentUrl\":\"https:\\\/\\\/lightweb.dev\\\/l\\\/svm-temp\\\/wp-content\\\/uploads\\\/2025\\\/02\\\/SvM-logo-Xtra-Centrerad-SVART.png\",\"width\":300,\"height\":99,\"caption\":\"Melkerson y Nott SL\"},\"image\":{\"@id\":\"https:\\\/\\\/lightweb.dev\\\/l\\\/svm-temp\\\/#\\\/schema\\\/logo\\\/image\\\/\"},\"sameAs\":[\"https:\\\/\\\/www.facebook.com\\\/svenskamagasinet\",\"https:\\\/\\\/x.com\\\/SvenskaMagasine\"]},{\"@type\":\"Person\",\"@id\":\"https:\\\/\\\/lightweb.dev\\\/l\\\/svm-temp\\\/#\\\/schema\\\/person\\\/206a3bda5b607b0c25e1749191e4d837\",\"name\":\"Redaktionen SvM\",\"description\":\"Redaktionen\",\"sameAs\":[\"https:\\\/\\\/lightweb.dev\\\/l\\\/svm-temp\"],\"url\":\"https:\\\/\\\/lightweb.dev\\\/l\\\/svm-temp\\\/reporter\\\/redaktionen\\\/\"}]}<\/script>\n<!-- \/ Yoast SEO Premium plugin. -->","yoast_head_json":{"title":"Munskyddskravet inomhus h\u00e4vs 20 april - Svenska Magasinet","robots":{"index":"noindex","follow":"follow","max-snippet":"max-snippet:-1","max-image-preview":"max-image-preview:large","max-video-preview":"max-video-preview:-1"},"og_locale":"sv_SE","og_type":"article","og_title":"Munskyddskravet inomhus h\u00e4vs 20 april","og_description":"Efter 23 m\u00e5nader h\u00e4vs den 20 april munskyddskravet i de flesta offentliga inomhusmilj\u00f6er i Spanien. H\u00e4lsov\u00e5rdsdepartementet har beslutat att f\u00f6lja experternas rekommendation och l\u00e5ta kravet vara kvar \u00f6ver p\u00e5sk. Det har under de senaste m\u00e5naderna angetts olika datum f\u00f6r n\u00e4r kravet p\u00e5 munskydd inomhus ska h\u00e4vas. S\u00e5 sent som f\u00f6r ett par dagar angavs den [&hellip;]","og_url":"https:\/\/lightweb.dev\/l\/svm-temp\/nyheter\/munskyddskravet-inomhus-havs-20-april\/","og_site_name":"Svenska Magasinet","article_publisher":"https:\/\/www.facebook.com\/svenskamagasinet","article_published_time":"2022-04-06T13:03:00+00:00","og_image":[{"width":500,"height":300,"url":"https:\/\/lightweb.dev\/l\/svm-temp\/wp-content\/uploads\/2022\/05\/munskyddskravet-inomhus-havs-20-april.png","type":"image\/png"}],"author":"Redaktionen SvM","twitter_card":"summary_large_image","twitter_creator":"@SvenskaMagasine","twitter_site":"@SvenskaMagasine","schema":{"@context":"https:\/\/schema.org","@graph":[{"@type":"Article","@id":"https:\/\/lightweb.dev\/l\/svm-temp\/nyheter\/munskyddskravet-inomhus-havs-20-april\/#article","isPartOf":{"@id":"https:\/\/lightweb.dev\/l\/svm-temp\/nyheter\/munskyddskravet-inomhus-havs-20-april\/"},"author":{"name":"Redaktionen SvM","@id":"https:\/\/lightweb.dev\/l\/svm-temp\/#\/schema\/person\/206a3bda5b607b0c25e1749191e4d837"},"headline":"Munskyddskravet inomhus h\u00e4vs 20 april","datePublished":"2022-04-06T13:03:00+00:00","mainEntityOfPage":{"@id":"https:\/\/lightweb.dev\/l\/svm-temp\/nyheter\/munskyddskravet-inomhus-havs-20-april\/"},"wordCount":276,"commentCount":0,"publisher":{"@id":"https:\/\/lightweb.dev\/l\/svm-temp\/#organization"},"image":{"@id":"https:\/\/lightweb.dev\/l\/svm-temp\/nyheter\/munskyddskravet-inomhus-havs-20-april\/#primaryimage"},"thumbnailUrl":"https:\/\/lightweb.dev\/l\/svm-temp\/wp-content\/uploads\/2022\/05\/munskyddskravet-inomhus-havs-20-april.png","articleSection":["Arkiv","Nyheter"],"inLanguage":"sv-SE"},{"@type":"WebPage","@id":"https:\/\/lightweb.dev\/l\/svm-temp\/nyheter\/munskyddskravet-inomhus-havs-20-april\/","url":"https:\/\/lightweb.dev\/l\/svm-temp\/nyheter\/munskyddskravet-inomhus-havs-20-april\/","name":"Munskyddskravet inomhus h\u00e4vs 20 april - Svenska Magasinet","isPartOf":{"@id":"https:\/\/lightweb.dev\/l\/svm-temp\/#website"},"primaryImageOfPage":{"@id":"https:\/\/lightweb.dev\/l\/svm-temp\/nyheter\/munskyddskravet-inomhus-havs-20-april\/#primaryimage"},"image":{"@id":"https:\/\/lightweb.dev\/l\/svm-temp\/nyheter\/munskyddskravet-inomhus-havs-20-april\/#primaryimage"},"thumbnailUrl":"https:\/\/lightweb.dev\/l\/svm-temp\/wp-content\/uploads\/2022\/05\/munskyddskravet-inomhus-havs-20-april.png","datePublished":"2022-04-06T13:03:00+00:00","breadcrumb":{"@id":"https:\/\/lightweb.dev\/l\/svm-temp\/nyheter\/munskyddskravet-inomhus-havs-20-april\/#breadcrumb"},"inLanguage":"sv-SE","potentialAction":[{"@type":"ReadAction","target":["https:\/\/lightweb.dev\/l\/svm-temp\/nyheter\/munskyddskravet-inomhus-havs-20-april\/"]}]},{"@type":"ImageObject","inLanguage":"sv-SE","@id":"https:\/\/lightweb.dev\/l\/svm-temp\/nyheter\/munskyddskravet-inomhus-havs-20-april\/#primaryimage","url":"https:\/\/lightweb.dev\/l\/svm-temp\/wp-content\/uploads\/2022\/05\/munskyddskravet-inomhus-havs-20-april.png","contentUrl":"https:\/\/lightweb.dev\/l\/svm-temp\/wp-content\/uploads\/2022\/05\/munskyddskravet-inomhus-havs-20-april.png","width":500,"height":300},{"@type":"BreadcrumbList","@id":"https:\/\/lightweb.dev\/l\/svm-temp\/nyheter\/munskyddskravet-inomhus-havs-20-april\/#breadcrumb","itemListElement":[{"@type":"ListItem","position":1,"name":"Hem","item":"https:\/\/lightweb.dev\/l\/svm-temp\/"},{"@type":"ListItem","position":2,"name":"Munskyddskravet inomhus h\u00e4vs 20 april"}]},{"@type":"WebSite","@id":"https:\/\/lightweb.dev\/l\/svm-temp\/#website","url":"https:\/\/lightweb.dev\/l\/svm-temp\/","name":"Svenska Magasinet","description":"Dina Spanska nyheter p&aring; Svenska","publisher":{"@id":"https:\/\/lightweb.dev\/l\/svm-temp\/#organization"},"potentialAction":[{"@type":"SearchAction","target":{"@type":"EntryPoint","urlTemplate":"https:\/\/lightweb.dev\/l\/svm-temp\/?s={search_term_string}"},"query-input":{"@type":"PropertyValueSpecification","valueRequired":true,"valueName":"search_term_string"}}],"inLanguage":"sv-SE"},{"@type":"Organization","@id":"https:\/\/lightweb.dev\/l\/svm-temp\/#organization","name":"Melkerson y Nott SL","alternateName":"Svenska Magasinet","url":"https:\/\/lightweb.dev\/l\/svm-temp\/","logo":{"@type":"ImageObject","inLanguage":"sv-SE","@id":"https:\/\/lightweb.dev\/l\/svm-temp\/#\/schema\/logo\/image\/","url":"https:\/\/lightweb.dev\/l\/svm-temp\/wp-content\/uploads\/2025\/02\/SvM-logo-Xtra-Centrerad-SVART.png","contentUrl":"https:\/\/lightweb.dev\/l\/svm-temp\/wp-content\/uploads\/2025\/02\/SvM-logo-Xtra-Centrerad-SVART.png","width":300,"height":99,"caption":"Melkerson y Nott SL"},"image":{"@id":"https:\/\/lightweb.dev\/l\/svm-temp\/#\/schema\/logo\/image\/"},"sameAs":["https:\/\/www.facebook.com\/svenskamagasinet","https:\/\/x.com\/SvenskaMagasine"]},{"@type":"Person","@id":"https:\/\/lightweb.dev\/l\/svm-temp\/#\/schema\/person\/206a3bda5b607b0c25e1749191e4d837","name":"Redaktionen SvM","description":"Redaktionen","sameAs":["https:\/\/lightweb.dev\/l\/svm-temp"],"url":"https:\/\/lightweb.dev\/l\/svm-temp\/reporter\/redaktionen\/"}]}},"_links":{"self":[{"href":"https:\/\/lightweb.dev\/l\/svm-temp\/wp-json\/wp\/v2\/posts\/9688","targetHints":{"allow":["GET"]}}],"collection":[{"href":"https:\/\/lightweb.dev\/l\/svm-temp\/wp-json\/wp\/v2\/posts"}],"about":[{"href":"https:\/\/lightweb.dev\/l\/svm-temp\/wp-json\/wp\/v2\/types\/post"}],"author":[{"embeddable":true,"href":"https:\/\/lightweb.dev\/l\/svm-temp\/wp-json\/wp\/v2\/users\/8"}],"replies":[{"embeddable":true,"href":"https:\/\/lightweb.dev\/l\/svm-temp\/wp-json\/wp\/v2\/comments?post=9688"}],"version-history":[{"count":0,"href":"https:\/\/lightweb.dev\/l\/svm-temp\/wp-json\/wp\/v2\/posts\/9688\/revisions"}],"wp:featuredmedia":[{"embeddable":true,"href":"https:\/\/lightweb.dev\/l\/svm-temp\/wp-json\/wp\/v2\/media\/9689"}],"wp:attachment":[{"href":"https:\/\/lightweb.dev\/l\/svm-temp\/wp-json\/wp\/v2\/media?parent=9688"}],"wp:term":[{"taxonomy":"category","embeddable":true,"href":"https:\/\/lightweb.dev\/l\/svm-temp\/wp-json\/wp\/v2\/categories?post=9688"},{"taxonomy":"post_tag","embeddable":true,"href":"https:\/\/lightweb.dev\/l\/svm-temp\/wp-json\/wp\/v2\/tags?post=9688"}],"curies":[{"name":"wp","href":"https:\/\/api.w.org\/{rel}","templated":true}]}}