{"id":9692,"date":"2022-04-05T10:08:00","date_gmt":"2022-04-05T08:08:00","guid":{"rendered":"https:\/\/lightweb.dev\/l\/svm-temp\/malagaprovinsen-farre-arbetslosa-an-fore-pandemin\/"},"modified":"2022-04-05T10:08:00","modified_gmt":"2022-04-05T08:08:00","slug":"malagaprovinsen-farre-arbetslosa-an-fore-pandemin","status":"publish","type":"post","link":"https:\/\/lightweb.dev\/l\/svm-temp\/nyheter\/malagaprovinsen-farre-arbetslosa-an-fore-pandemin\/","title":{"rendered":"M\u00e1lagaprovinsen: F\u00e4rre arbetsl\u00f6sa \u00e4n f\u00f6re pandemin"},"content":{"rendered":"<p> Under mars m\u00e5nad minskade arbetsl\u00f6sheten i Estepona (-148), Marbella (-402), Manilva (-42), Fuengirola (-169), Mijas (-422), Benahav\u00eds (-6), Benalm\u00e1dena (-161), Torremolinos (-175), M\u00e1laga (-422), V\u00e9lez M\u00e1laga (-107), Nerja (-170), Torrox (-66) och Rinc\u00f3n de la Victoria (-37). Totalt har M\u00e1lagaprovinsen f\u00e4rre arbetsl\u00f6sa nu j\u00e4mf\u00f6rt med f\u00f6re pandemins utbrott.<br \/>\n Vid m\u00e5nadsskiftet mars\/april var det 152.311 personer som var arbetsl\u00f6sa i provinsen M\u00e1laga. Det var 2.381 f\u00e4rre (-1,54%) j\u00e4mf\u00f6rt med en m\u00e5nad tidigare.<\/p>\n<p>Det \u00e4r ocks\u00e5 f\u00e4rre \u00e4n de 153.486 personer som var arbetsl\u00f6sa innan pandemin slog till.<\/p>\n<p>Fortsatt \u00e4r 4.063 personer permitterade via ERTE p\u00e5 grund av f\u00f6ljdverkningarna av pandemin.<\/p>\n<p>2.381 f\u00e4rre arbetsl\u00f6sa i M\u00e1lagaprovinsen \u00f6vertr\u00e4ffas bara av Balearerna d\u00e4r minskningen var 3.014 personer.<\/p>\n<p>\u00c4ven antalet som var inskrivna i socialf\u00f6rs\u00e4kringssystemet Seguridad Social \u00f6kade senaste m\u00e5naden med 9.336 personer till 644.336, en \u00f6kning med 1,47 procent.<\/p>\n<p>De sektorer som lider mest \u00e4r byggsektorn och jordbruket. \u00d6kade produktionskostnader, energipriser och brist p\u00e5 r\u00e5varor p\u00e5 grund av den ryska invasionen i Ukraina har lett till byggstopp.<\/p>\n<p>\u00c4ven inom jordbruket \u00f6kar arbetsl\u00f6sheten p\u00e5 grund av krigets konsekvenser och pris\u00f6kningen.<\/p>\n","protected":false},"excerpt":{"rendered":"<p>Under mars m\u00e5nad minskade arbetsl\u00f6sheten i Estepona (-148), Marbella (-402), Manilva (-42), Fuengirola (-169), Mijas (-422), Benahav\u00eds (-6), Benalm\u00e1dena (-161), Torremolinos (-175), M\u00e1laga (-422), V\u00e9lez M\u00e1laga (-107), Nerja (-170), Torrox (-66) och Rinc\u00f3n de la Victoria (-37). Totalt har M\u00e1lagaprovinsen f\u00e4rre arbetsl\u00f6sa nu j\u00e4mf\u00f6rt med f\u00f6re pandemins utbrott. Vid m\u00e5nadsskiftet mars\/april var det 152.311 personer [&hellip;]<\/p>\n","protected":false},"author":8,"featured_media":9693,"comment_status":"open","ping_status":"open","sticky":false,"template":"","format":"standard","meta":{"_et_pb_use_builder":"","_et_pb_old_content":"","_et_gb_content_width":"","footnotes":""},"categories":[395,3],"tags":[],"class_list":["post-9692","post","type-post","status-publish","format-standard","has-post-thumbnail","hentry","category-arkiv-nyheter","category-nyheter"],"yoast_head":"<!-- This site is optimized with the Yoast SEO Premium plugin v26.2 (Yoast SEO v27.4) - https:\/\/yoast.com\/product\/yoast-seo-premium-wordpress\/ -->\n<title>M\u00e1lagaprovinsen: F\u00e4rre arbetsl\u00f6sa \u00e4n f\u00f6re pandemin - Svenska Magasinet<\/title>\n<meta name=\"robots\" content=\"noindex, follow, max-snippet:-1, max-image-preview:large, max-video-preview:-1\" \/>\n<meta property=\"og:locale\" content=\"sv_SE\" \/>\n<meta property=\"og:type\" content=\"article\" \/>\n<meta property=\"og:title\" content=\"M\u00e1lagaprovinsen: F\u00e4rre arbetsl\u00f6sa \u00e4n f\u00f6re pandemin\" \/>\n<meta property=\"og:description\" content=\"Under mars m\u00e5nad minskade arbetsl\u00f6sheten i Estepona (-148), Marbella (-402), Manilva (-42), Fuengirola (-169), Mijas (-422), Benahav\u00eds (-6), Benalm\u00e1dena (-161), Torremolinos (-175), M\u00e1laga (-422), V\u00e9lez M\u00e1laga (-107), Nerja (-170), Torrox (-66) och Rinc\u00f3n de la Victoria (-37). Totalt har M\u00e1lagaprovinsen f\u00e4rre arbetsl\u00f6sa nu j\u00e4mf\u00f6rt med f\u00f6re pandemins utbrott. Vid m\u00e5nadsskiftet mars\/april var det 152.311 personer [&hellip;]\" \/>\n<meta property=\"og:url\" content=\"https:\/\/lightweb.dev\/l\/svm-temp\/nyheter\/malagaprovinsen-farre-arbetslosa-an-fore-pandemin\/\" \/>\n<meta property=\"og:site_name\" content=\"Svenska Magasinet\" \/>\n<meta property=\"article:publisher\" content=\"https:\/\/www.facebook.com\/svenskamagasinet\" \/>\n<meta property=\"article:published_time\" content=\"2022-04-05T08:08:00+00:00\" \/>\n<meta property=\"og:image\" content=\"https:\/\/lightweb.dev\/l\/svm-temp\/wp-content\/uploads\/2022\/05\/malagaprovinsen-farre-arbetslosa-an-fore-pandemin.png\" \/>\n\t<meta property=\"og:image:width\" content=\"500\" \/>\n\t<meta property=\"og:image:height\" content=\"301\" \/>\n\t<meta property=\"og:image:type\" content=\"image\/png\" \/>\n<meta name=\"author\" content=\"Redaktionen SvM\" \/>\n<meta name=\"twitter:card\" content=\"summary_large_image\" \/>\n<meta name=\"twitter:creator\" content=\"@SvenskaMagasine\" \/>\n<meta name=\"twitter:site\" content=\"@SvenskaMagasine\" \/>\n<script type=\"application\/ld+json\" class=\"yoast-schema-graph\">{\"@context\":\"https:\\\/\\\/schema.org\",\"@graph\":[{\"@type\":\"Article\",\"@id\":\"https:\\\/\\\/lightweb.dev\\\/l\\\/svm-temp\\\/nyheter\\\/malagaprovinsen-farre-arbetslosa-an-fore-pandemin\\\/#article\",\"isPartOf\":{\"@id\":\"https:\\\/\\\/lightweb.dev\\\/l\\\/svm-temp\\\/nyheter\\\/malagaprovinsen-farre-arbetslosa-an-fore-pandemin\\\/\"},\"author\":{\"name\":\"Redaktionen SvM\",\"@id\":\"https:\\\/\\\/lightweb.dev\\\/l\\\/svm-temp\\\/#\\\/schema\\\/person\\\/206a3bda5b607b0c25e1749191e4d837\"},\"headline\":\"M\u00e1lagaprovinsen: F\u00e4rre arbetsl\u00f6sa \u00e4n f\u00f6re pandemin\",\"datePublished\":\"2022-04-05T08:08:00+00:00\",\"mainEntityOfPage\":{\"@id\":\"https:\\\/\\\/lightweb.dev\\\/l\\\/svm-temp\\\/nyheter\\\/malagaprovinsen-farre-arbetslosa-an-fore-pandemin\\\/\"},\"wordCount\":212,\"commentCount\":0,\"publisher\":{\"@id\":\"https:\\\/\\\/lightweb.dev\\\/l\\\/svm-temp\\\/#organization\"},\"image\":{\"@id\":\"https:\\\/\\\/lightweb.dev\\\/l\\\/svm-temp\\\/nyheter\\\/malagaprovinsen-farre-arbetslosa-an-fore-pandemin\\\/#primaryimage\"},\"thumbnailUrl\":\"https:\\\/\\\/lightweb.dev\\\/l\\\/svm-temp\\\/wp-content\\\/uploads\\\/2022\\\/05\\\/malagaprovinsen-farre-arbetslosa-an-fore-pandemin.png\",\"articleSection\":[\"Arkiv\",\"Nyheter\"],\"inLanguage\":\"sv-SE\"},{\"@type\":\"WebPage\",\"@id\":\"https:\\\/\\\/lightweb.dev\\\/l\\\/svm-temp\\\/nyheter\\\/malagaprovinsen-farre-arbetslosa-an-fore-pandemin\\\/\",\"url\":\"https:\\\/\\\/lightweb.dev\\\/l\\\/svm-temp\\\/nyheter\\\/malagaprovinsen-farre-arbetslosa-an-fore-pandemin\\\/\",\"name\":\"M\u00e1lagaprovinsen: F\u00e4rre arbetsl\u00f6sa \u00e4n f\u00f6re pandemin - Svenska Magasinet\",\"isPartOf\":{\"@id\":\"https:\\\/\\\/lightweb.dev\\\/l\\\/svm-temp\\\/#website\"},\"primaryImageOfPage\":{\"@id\":\"https:\\\/\\\/lightweb.dev\\\/l\\\/svm-temp\\\/nyheter\\\/malagaprovinsen-farre-arbetslosa-an-fore-pandemin\\\/#primaryimage\"},\"image\":{\"@id\":\"https:\\\/\\\/lightweb.dev\\\/l\\\/svm-temp\\\/nyheter\\\/malagaprovinsen-farre-arbetslosa-an-fore-pandemin\\\/#primaryimage\"},\"thumbnailUrl\":\"https:\\\/\\\/lightweb.dev\\\/l\\\/svm-temp\\\/wp-content\\\/uploads\\\/2022\\\/05\\\/malagaprovinsen-farre-arbetslosa-an-fore-pandemin.png\",\"datePublished\":\"2022-04-05T08:08:00+00:00\",\"breadcrumb\":{\"@id\":\"https:\\\/\\\/lightweb.dev\\\/l\\\/svm-temp\\\/nyheter\\\/malagaprovinsen-farre-arbetslosa-an-fore-pandemin\\\/#breadcrumb\"},\"inLanguage\":\"sv-SE\",\"potentialAction\":[{\"@type\":\"ReadAction\",\"target\":[\"https:\\\/\\\/lightweb.dev\\\/l\\\/svm-temp\\\/nyheter\\\/malagaprovinsen-farre-arbetslosa-an-fore-pandemin\\\/\"]}]},{\"@type\":\"ImageObject\",\"inLanguage\":\"sv-SE\",\"@id\":\"https:\\\/\\\/lightweb.dev\\\/l\\\/svm-temp\\\/nyheter\\\/malagaprovinsen-farre-arbetslosa-an-fore-pandemin\\\/#primaryimage\",\"url\":\"https:\\\/\\\/lightweb.dev\\\/l\\\/svm-temp\\\/wp-content\\\/uploads\\\/2022\\\/05\\\/malagaprovinsen-farre-arbetslosa-an-fore-pandemin.png\",\"contentUrl\":\"https:\\\/\\\/lightweb.dev\\\/l\\\/svm-temp\\\/wp-content\\\/uploads\\\/2022\\\/05\\\/malagaprovinsen-farre-arbetslosa-an-fore-pandemin.png\",\"width\":500,\"height\":301},{\"@type\":\"BreadcrumbList\",\"@id\":\"https:\\\/\\\/lightweb.dev\\\/l\\\/svm-temp\\\/nyheter\\\/malagaprovinsen-farre-arbetslosa-an-fore-pandemin\\\/#breadcrumb\",\"itemListElement\":[{\"@type\":\"ListItem\",\"position\":1,\"name\":\"Hem\",\"item\":\"https:\\\/\\\/lightweb.dev\\\/l\\\/svm-temp\\\/\"},{\"@type\":\"ListItem\",\"position\":2,\"name\":\"M\u00e1lagaprovinsen: F\u00e4rre arbetsl\u00f6sa \u00e4n f\u00f6re pandemin\"}]},{\"@type\":\"WebSite\",\"@id\":\"https:\\\/\\\/lightweb.dev\\\/l\\\/svm-temp\\\/#website\",\"url\":\"https:\\\/\\\/lightweb.dev\\\/l\\\/svm-temp\\\/\",\"name\":\"Svenska Magasinet\",\"description\":\"Dina Spanska nyheter p&aring; Svenska\",\"publisher\":{\"@id\":\"https:\\\/\\\/lightweb.dev\\\/l\\\/svm-temp\\\/#organization\"},\"potentialAction\":[{\"@type\":\"SearchAction\",\"target\":{\"@type\":\"EntryPoint\",\"urlTemplate\":\"https:\\\/\\\/lightweb.dev\\\/l\\\/svm-temp\\\/?s={search_term_string}\"},\"query-input\":{\"@type\":\"PropertyValueSpecification\",\"valueRequired\":true,\"valueName\":\"search_term_string\"}}],\"inLanguage\":\"sv-SE\"},{\"@type\":\"Organization\",\"@id\":\"https:\\\/\\\/lightweb.dev\\\/l\\\/svm-temp\\\/#organization\",\"name\":\"Melkerson y Nott SL\",\"alternateName\":\"Svenska Magasinet\",\"url\":\"https:\\\/\\\/lightweb.dev\\\/l\\\/svm-temp\\\/\",\"logo\":{\"@type\":\"ImageObject\",\"inLanguage\":\"sv-SE\",\"@id\":\"https:\\\/\\\/lightweb.dev\\\/l\\\/svm-temp\\\/#\\\/schema\\\/logo\\\/image\\\/\",\"url\":\"https:\\\/\\\/lightweb.dev\\\/l\\\/svm-temp\\\/wp-content\\\/uploads\\\/2025\\\/02\\\/SvM-logo-Xtra-Centrerad-SVART.png\",\"contentUrl\":\"https:\\\/\\\/lightweb.dev\\\/l\\\/svm-temp\\\/wp-content\\\/uploads\\\/2025\\\/02\\\/SvM-logo-Xtra-Centrerad-SVART.png\",\"width\":300,\"height\":99,\"caption\":\"Melkerson y Nott SL\"},\"image\":{\"@id\":\"https:\\\/\\\/lightweb.dev\\\/l\\\/svm-temp\\\/#\\\/schema\\\/logo\\\/image\\\/\"},\"sameAs\":[\"https:\\\/\\\/www.facebook.com\\\/svenskamagasinet\",\"https:\\\/\\\/x.com\\\/SvenskaMagasine\"]},{\"@type\":\"Person\",\"@id\":\"https:\\\/\\\/lightweb.dev\\\/l\\\/svm-temp\\\/#\\\/schema\\\/person\\\/206a3bda5b607b0c25e1749191e4d837\",\"name\":\"Redaktionen SvM\",\"description\":\"Redaktionen\",\"sameAs\":[\"https:\\\/\\\/lightweb.dev\\\/l\\\/svm-temp\"],\"url\":\"https:\\\/\\\/lightweb.dev\\\/l\\\/svm-temp\\\/reporter\\\/redaktionen\\\/\"}]}<\/script>\n<!-- \/ Yoast SEO Premium plugin. -->","yoast_head_json":{"title":"M\u00e1lagaprovinsen: F\u00e4rre arbetsl\u00f6sa \u00e4n f\u00f6re pandemin - Svenska Magasinet","robots":{"index":"noindex","follow":"follow","max-snippet":"max-snippet:-1","max-image-preview":"max-image-preview:large","max-video-preview":"max-video-preview:-1"},"og_locale":"sv_SE","og_type":"article","og_title":"M\u00e1lagaprovinsen: F\u00e4rre arbetsl\u00f6sa \u00e4n f\u00f6re pandemin","og_description":"Under mars m\u00e5nad minskade arbetsl\u00f6sheten i Estepona (-148), Marbella (-402), Manilva (-42), Fuengirola (-169), Mijas (-422), Benahav\u00eds (-6), Benalm\u00e1dena (-161), Torremolinos (-175), M\u00e1laga (-422), V\u00e9lez M\u00e1laga (-107), Nerja (-170), Torrox (-66) och Rinc\u00f3n de la Victoria (-37). Totalt har M\u00e1lagaprovinsen f\u00e4rre arbetsl\u00f6sa nu j\u00e4mf\u00f6rt med f\u00f6re pandemins utbrott. Vid m\u00e5nadsskiftet mars\/april var det 152.311 personer [&hellip;]","og_url":"https:\/\/lightweb.dev\/l\/svm-temp\/nyheter\/malagaprovinsen-farre-arbetslosa-an-fore-pandemin\/","og_site_name":"Svenska Magasinet","article_publisher":"https:\/\/www.facebook.com\/svenskamagasinet","article_published_time":"2022-04-05T08:08:00+00:00","og_image":[{"width":500,"height":301,"url":"https:\/\/lightweb.dev\/l\/svm-temp\/wp-content\/uploads\/2022\/05\/malagaprovinsen-farre-arbetslosa-an-fore-pandemin.png","type":"image\/png"}],"author":"Redaktionen SvM","twitter_card":"summary_large_image","twitter_creator":"@SvenskaMagasine","twitter_site":"@SvenskaMagasine","schema":{"@context":"https:\/\/schema.org","@graph":[{"@type":"Article","@id":"https:\/\/lightweb.dev\/l\/svm-temp\/nyheter\/malagaprovinsen-farre-arbetslosa-an-fore-pandemin\/#article","isPartOf":{"@id":"https:\/\/lightweb.dev\/l\/svm-temp\/nyheter\/malagaprovinsen-farre-arbetslosa-an-fore-pandemin\/"},"author":{"name":"Redaktionen SvM","@id":"https:\/\/lightweb.dev\/l\/svm-temp\/#\/schema\/person\/206a3bda5b607b0c25e1749191e4d837"},"headline":"M\u00e1lagaprovinsen: F\u00e4rre arbetsl\u00f6sa \u00e4n f\u00f6re pandemin","datePublished":"2022-04-05T08:08:00+00:00","mainEntityOfPage":{"@id":"https:\/\/lightweb.dev\/l\/svm-temp\/nyheter\/malagaprovinsen-farre-arbetslosa-an-fore-pandemin\/"},"wordCount":212,"commentCount":0,"publisher":{"@id":"https:\/\/lightweb.dev\/l\/svm-temp\/#organization"},"image":{"@id":"https:\/\/lightweb.dev\/l\/svm-temp\/nyheter\/malagaprovinsen-farre-arbetslosa-an-fore-pandemin\/#primaryimage"},"thumbnailUrl":"https:\/\/lightweb.dev\/l\/svm-temp\/wp-content\/uploads\/2022\/05\/malagaprovinsen-farre-arbetslosa-an-fore-pandemin.png","articleSection":["Arkiv","Nyheter"],"inLanguage":"sv-SE"},{"@type":"WebPage","@id":"https:\/\/lightweb.dev\/l\/svm-temp\/nyheter\/malagaprovinsen-farre-arbetslosa-an-fore-pandemin\/","url":"https:\/\/lightweb.dev\/l\/svm-temp\/nyheter\/malagaprovinsen-farre-arbetslosa-an-fore-pandemin\/","name":"M\u00e1lagaprovinsen: F\u00e4rre arbetsl\u00f6sa \u00e4n f\u00f6re pandemin - Svenska Magasinet","isPartOf":{"@id":"https:\/\/lightweb.dev\/l\/svm-temp\/#website"},"primaryImageOfPage":{"@id":"https:\/\/lightweb.dev\/l\/svm-temp\/nyheter\/malagaprovinsen-farre-arbetslosa-an-fore-pandemin\/#primaryimage"},"image":{"@id":"https:\/\/lightweb.dev\/l\/svm-temp\/nyheter\/malagaprovinsen-farre-arbetslosa-an-fore-pandemin\/#primaryimage"},"thumbnailUrl":"https:\/\/lightweb.dev\/l\/svm-temp\/wp-content\/uploads\/2022\/05\/malagaprovinsen-farre-arbetslosa-an-fore-pandemin.png","datePublished":"2022-04-05T08:08:00+00:00","breadcrumb":{"@id":"https:\/\/lightweb.dev\/l\/svm-temp\/nyheter\/malagaprovinsen-farre-arbetslosa-an-fore-pandemin\/#breadcrumb"},"inLanguage":"sv-SE","potentialAction":[{"@type":"ReadAction","target":["https:\/\/lightweb.dev\/l\/svm-temp\/nyheter\/malagaprovinsen-farre-arbetslosa-an-fore-pandemin\/"]}]},{"@type":"ImageObject","inLanguage":"sv-SE","@id":"https:\/\/lightweb.dev\/l\/svm-temp\/nyheter\/malagaprovinsen-farre-arbetslosa-an-fore-pandemin\/#primaryimage","url":"https:\/\/lightweb.dev\/l\/svm-temp\/wp-content\/uploads\/2022\/05\/malagaprovinsen-farre-arbetslosa-an-fore-pandemin.png","contentUrl":"https:\/\/lightweb.dev\/l\/svm-temp\/wp-content\/uploads\/2022\/05\/malagaprovinsen-farre-arbetslosa-an-fore-pandemin.png","width":500,"height":301},{"@type":"BreadcrumbList","@id":"https:\/\/lightweb.dev\/l\/svm-temp\/nyheter\/malagaprovinsen-farre-arbetslosa-an-fore-pandemin\/#breadcrumb","itemListElement":[{"@type":"ListItem","position":1,"name":"Hem","item":"https:\/\/lightweb.dev\/l\/svm-temp\/"},{"@type":"ListItem","position":2,"name":"M\u00e1lagaprovinsen: F\u00e4rre arbetsl\u00f6sa \u00e4n f\u00f6re pandemin"}]},{"@type":"WebSite","@id":"https:\/\/lightweb.dev\/l\/svm-temp\/#website","url":"https:\/\/lightweb.dev\/l\/svm-temp\/","name":"Svenska Magasinet","description":"Dina Spanska nyheter p&aring; Svenska","publisher":{"@id":"https:\/\/lightweb.dev\/l\/svm-temp\/#organization"},"potentialAction":[{"@type":"SearchAction","target":{"@type":"EntryPoint","urlTemplate":"https:\/\/lightweb.dev\/l\/svm-temp\/?s={search_term_string}"},"query-input":{"@type":"PropertyValueSpecification","valueRequired":true,"valueName":"search_term_string"}}],"inLanguage":"sv-SE"},{"@type":"Organization","@id":"https:\/\/lightweb.dev\/l\/svm-temp\/#organization","name":"Melkerson y Nott SL","alternateName":"Svenska Magasinet","url":"https:\/\/lightweb.dev\/l\/svm-temp\/","logo":{"@type":"ImageObject","inLanguage":"sv-SE","@id":"https:\/\/lightweb.dev\/l\/svm-temp\/#\/schema\/logo\/image\/","url":"https:\/\/lightweb.dev\/l\/svm-temp\/wp-content\/uploads\/2025\/02\/SvM-logo-Xtra-Centrerad-SVART.png","contentUrl":"https:\/\/lightweb.dev\/l\/svm-temp\/wp-content\/uploads\/2025\/02\/SvM-logo-Xtra-Centrerad-SVART.png","width":300,"height":99,"caption":"Melkerson y Nott SL"},"image":{"@id":"https:\/\/lightweb.dev\/l\/svm-temp\/#\/schema\/logo\/image\/"},"sameAs":["https:\/\/www.facebook.com\/svenskamagasinet","https:\/\/x.com\/SvenskaMagasine"]},{"@type":"Person","@id":"https:\/\/lightweb.dev\/l\/svm-temp\/#\/schema\/person\/206a3bda5b607b0c25e1749191e4d837","name":"Redaktionen SvM","description":"Redaktionen","sameAs":["https:\/\/lightweb.dev\/l\/svm-temp"],"url":"https:\/\/lightweb.dev\/l\/svm-temp\/reporter\/redaktionen\/"}]}},"_links":{"self":[{"href":"https:\/\/lightweb.dev\/l\/svm-temp\/wp-json\/wp\/v2\/posts\/9692","targetHints":{"allow":["GET"]}}],"collection":[{"href":"https:\/\/lightweb.dev\/l\/svm-temp\/wp-json\/wp\/v2\/posts"}],"about":[{"href":"https:\/\/lightweb.dev\/l\/svm-temp\/wp-json\/wp\/v2\/types\/post"}],"author":[{"embeddable":true,"href":"https:\/\/lightweb.dev\/l\/svm-temp\/wp-json\/wp\/v2\/users\/8"}],"replies":[{"embeddable":true,"href":"https:\/\/lightweb.dev\/l\/svm-temp\/wp-json\/wp\/v2\/comments?post=9692"}],"version-history":[{"count":0,"href":"https:\/\/lightweb.dev\/l\/svm-temp\/wp-json\/wp\/v2\/posts\/9692\/revisions"}],"wp:featuredmedia":[{"embeddable":true,"href":"https:\/\/lightweb.dev\/l\/svm-temp\/wp-json\/wp\/v2\/media\/9693"}],"wp:attachment":[{"href":"https:\/\/lightweb.dev\/l\/svm-temp\/wp-json\/wp\/v2\/media?parent=9692"}],"wp:term":[{"taxonomy":"category","embeddable":true,"href":"https:\/\/lightweb.dev\/l\/svm-temp\/wp-json\/wp\/v2\/categories?post=9692"},{"taxonomy":"post_tag","embeddable":true,"href":"https:\/\/lightweb.dev\/l\/svm-temp\/wp-json\/wp\/v2\/tags?post=9692"}],"curies":[{"name":"wp","href":"https:\/\/api.w.org\/{rel}","templated":true}]}}