{"id":9698,"date":"2022-04-04T10:28:00","date_gmt":"2022-04-04T08:28:00","guid":{"rendered":"https:\/\/lightweb.dev\/l\/svm-temp\/munskyddskravet-inomhus-kan-komma-att-havas-fran-12-april\/"},"modified":"2022-04-04T10:28:00","modified_gmt":"2022-04-04T08:28:00","slug":"munskyddskravet-inomhus-kan-komma-att-havas-fran-12-april","status":"publish","type":"post","link":"https:\/\/lightweb.dev\/l\/svm-temp\/nyheter\/munskyddskravet-inomhus-kan-komma-att-havas-fran-12-april\/","title":{"rendered":"Munskyddskravet inomhus kan komma att h\u00e4vas fr\u00e5n 12 april"},"content":{"rendered":"<p> Om teknikerna i h\u00e4lsov\u00e5rdsdepartementet st\u00e4ller sig bakom beslutet kommer munskyddskravet i offentliga inomhusmilj\u00f6er att h\u00e4vas den 12 april. Snart, mycket snart, snarare f\u00f6rr \u00e4n senare, \u00e4r vad som g\u00e4ller enligt h\u00e4lsov\u00e5rdsministern Carolina Darias.<br \/>\n I torsdags var \u00e4mnet uppe i kongressen efter att Ciudadanos hade l\u00e4mnat in en motion om att lyfta kravet p\u00e5 munskydd i offentlig inomhusmilj\u00f6. Och det finns en parlamentarisk majoritet att lyfta kravet efter 184 ja-r\u00f6ster, 91 nej och 57 nedlagda r\u00f6ster.<\/p>\n<p>Regeringspartiet PSOE hade lagt in en bilaga till motionen att avskaffandet av munskydd i offentlig inomhusmilj\u00f6 g\u00f6rs i linje med vetenskapliga beslut, den epidemiologiska situationen och med ett j\u00e4mf\u00f6rande perspektiv. Samt att en nedtrappningskalender inf\u00f6rs.<\/p>\n<p>Den 21 februari sa den spanska regeringschefen Pedro S\u00e1nchez att vi n\u00e4rmar oss den dag n\u00e4r kravet h\u00e4vs. D\u00e4refter har trycket fr\u00e5n flera oppositionspartier och regionala regeringar \u00f6kat f\u00f6r ett h\u00e4vt munskyddskrav.<\/p>\n<p>Fr\u00e5n den 28 mars betraktas covid-19 mer som en \u201dvanlig influensa\u201d. Smittade med asymtomatiska eller milda symtom beh\u00f6ver inte vara i karant\u00e4n. Det beslutet togs av landets folkh\u00e4lsokommission.<\/p>\n<p>N\u00e4sta steg att h\u00e4va \u00e4r kravet p\u00e5 munskydd i offentlig inomhusmilj\u00f6.<\/p>\n<p>Och h\u00e4lsov\u00e5rdsdepartementet har ett datum: 12 april. Det meddelar h\u00e4lsov\u00e5rdsministern Carolina Darias, skriver Diario SUR.<\/p>\n<p>Det finns f\u00f6rslag om att kravet stegvis h\u00e4vs. Bland annat skulle kravet h\u00e4vas f\u00f6rsta i skolorna f\u00f6r de yngsta eleverna. Kravet p\u00e5 munskydd i kollektivtrafiken kommer troligtvis inte att h\u00e4vas i f\u00f6rsta taget.<\/p>\n<p>Antalet covidpatienter vid Spaniens sjukhus upptar endast 3,34 procent av platserna. Vid iva st\u00e5r covidpatienterna f\u00f6r 4,62 procent.<\/p>\n","protected":false},"excerpt":{"rendered":"<p>Om teknikerna i h\u00e4lsov\u00e5rdsdepartementet st\u00e4ller sig bakom beslutet kommer munskyddskravet i offentliga inomhusmilj\u00f6er att h\u00e4vas den 12 april. Snart, mycket snart, snarare f\u00f6rr \u00e4n senare, \u00e4r vad som g\u00e4ller enligt h\u00e4lsov\u00e5rdsministern Carolina Darias. I torsdags var \u00e4mnet uppe i kongressen efter att Ciudadanos hade l\u00e4mnat in en motion om att lyfta kravet p\u00e5 munskydd i [&hellip;]<\/p>\n","protected":false},"author":8,"featured_media":9699,"comment_status":"open","ping_status":"open","sticky":false,"template":"","format":"standard","meta":{"_et_pb_use_builder":"","_et_pb_old_content":"","_et_gb_content_width":"","footnotes":""},"categories":[395,3],"tags":[],"class_list":["post-9698","post","type-post","status-publish","format-standard","has-post-thumbnail","hentry","category-arkiv-nyheter","category-nyheter"],"yoast_head":"<!-- This site is optimized with the Yoast SEO Premium plugin v26.2 (Yoast SEO v27.4) - https:\/\/yoast.com\/product\/yoast-seo-premium-wordpress\/ -->\n<title>Munskyddskravet inomhus kan komma att h\u00e4vas fr\u00e5n 12 april - Svenska Magasinet<\/title>\n<meta name=\"robots\" content=\"noindex, follow, max-snippet:-1, max-image-preview:large, max-video-preview:-1\" \/>\n<meta property=\"og:locale\" content=\"sv_SE\" \/>\n<meta property=\"og:type\" content=\"article\" \/>\n<meta property=\"og:title\" content=\"Munskyddskravet inomhus kan komma att h\u00e4vas fr\u00e5n 12 april\" \/>\n<meta property=\"og:description\" content=\"Om teknikerna i h\u00e4lsov\u00e5rdsdepartementet st\u00e4ller sig bakom beslutet kommer munskyddskravet i offentliga inomhusmilj\u00f6er att h\u00e4vas den 12 april. Snart, mycket snart, snarare f\u00f6rr \u00e4n senare, \u00e4r vad som g\u00e4ller enligt h\u00e4lsov\u00e5rdsministern Carolina Darias. I torsdags var \u00e4mnet uppe i kongressen efter att Ciudadanos hade l\u00e4mnat in en motion om att lyfta kravet p\u00e5 munskydd i [&hellip;]\" \/>\n<meta property=\"og:url\" content=\"https:\/\/lightweb.dev\/l\/svm-temp\/nyheter\/munskyddskravet-inomhus-kan-komma-att-havas-fran-12-april\/\" \/>\n<meta property=\"og:site_name\" content=\"Svenska Magasinet\" \/>\n<meta property=\"article:publisher\" content=\"https:\/\/www.facebook.com\/svenskamagasinet\" \/>\n<meta property=\"article:published_time\" content=\"2022-04-04T08:28:00+00:00\" \/>\n<meta property=\"og:image\" content=\"https:\/\/lightweb.dev\/l\/svm-temp\/wp-content\/uploads\/2022\/05\/munskyddskravet-inomhus-kan-komma-att-havas-fran-12-april.png\" \/>\n\t<meta property=\"og:image:width\" content=\"500\" \/>\n\t<meta property=\"og:image:height\" content=\"301\" \/>\n\t<meta property=\"og:image:type\" content=\"image\/png\" \/>\n<meta name=\"author\" content=\"Redaktionen SvM\" \/>\n<meta name=\"twitter:card\" content=\"summary_large_image\" \/>\n<meta name=\"twitter:creator\" content=\"@SvenskaMagasine\" \/>\n<meta name=\"twitter:site\" content=\"@SvenskaMagasine\" \/>\n<script type=\"application\/ld+json\" class=\"yoast-schema-graph\">{\"@context\":\"https:\\\/\\\/schema.org\",\"@graph\":[{\"@type\":\"Article\",\"@id\":\"https:\\\/\\\/lightweb.dev\\\/l\\\/svm-temp\\\/nyheter\\\/munskyddskravet-inomhus-kan-komma-att-havas-fran-12-april\\\/#article\",\"isPartOf\":{\"@id\":\"https:\\\/\\\/lightweb.dev\\\/l\\\/svm-temp\\\/nyheter\\\/munskyddskravet-inomhus-kan-komma-att-havas-fran-12-april\\\/\"},\"author\":{\"name\":\"Redaktionen SvM\",\"@id\":\"https:\\\/\\\/lightweb.dev\\\/l\\\/svm-temp\\\/#\\\/schema\\\/person\\\/206a3bda5b607b0c25e1749191e4d837\"},\"headline\":\"Munskyddskravet inomhus kan komma att h\u00e4vas fr\u00e5n 12 april\",\"datePublished\":\"2022-04-04T08:28:00+00:00\",\"mainEntityOfPage\":{\"@id\":\"https:\\\/\\\/lightweb.dev\\\/l\\\/svm-temp\\\/nyheter\\\/munskyddskravet-inomhus-kan-komma-att-havas-fran-12-april\\\/\"},\"wordCount\":291,\"commentCount\":0,\"publisher\":{\"@id\":\"https:\\\/\\\/lightweb.dev\\\/l\\\/svm-temp\\\/#organization\"},\"image\":{\"@id\":\"https:\\\/\\\/lightweb.dev\\\/l\\\/svm-temp\\\/nyheter\\\/munskyddskravet-inomhus-kan-komma-att-havas-fran-12-april\\\/#primaryimage\"},\"thumbnailUrl\":\"https:\\\/\\\/lightweb.dev\\\/l\\\/svm-temp\\\/wp-content\\\/uploads\\\/2022\\\/05\\\/munskyddskravet-inomhus-kan-komma-att-havas-fran-12-april.png\",\"articleSection\":[\"Arkiv\",\"Nyheter\"],\"inLanguage\":\"sv-SE\"},{\"@type\":\"WebPage\",\"@id\":\"https:\\\/\\\/lightweb.dev\\\/l\\\/svm-temp\\\/nyheter\\\/munskyddskravet-inomhus-kan-komma-att-havas-fran-12-april\\\/\",\"url\":\"https:\\\/\\\/lightweb.dev\\\/l\\\/svm-temp\\\/nyheter\\\/munskyddskravet-inomhus-kan-komma-att-havas-fran-12-april\\\/\",\"name\":\"Munskyddskravet inomhus kan komma att h\u00e4vas fr\u00e5n 12 april - Svenska Magasinet\",\"isPartOf\":{\"@id\":\"https:\\\/\\\/lightweb.dev\\\/l\\\/svm-temp\\\/#website\"},\"primaryImageOfPage\":{\"@id\":\"https:\\\/\\\/lightweb.dev\\\/l\\\/svm-temp\\\/nyheter\\\/munskyddskravet-inomhus-kan-komma-att-havas-fran-12-april\\\/#primaryimage\"},\"image\":{\"@id\":\"https:\\\/\\\/lightweb.dev\\\/l\\\/svm-temp\\\/nyheter\\\/munskyddskravet-inomhus-kan-komma-att-havas-fran-12-april\\\/#primaryimage\"},\"thumbnailUrl\":\"https:\\\/\\\/lightweb.dev\\\/l\\\/svm-temp\\\/wp-content\\\/uploads\\\/2022\\\/05\\\/munskyddskravet-inomhus-kan-komma-att-havas-fran-12-april.png\",\"datePublished\":\"2022-04-04T08:28:00+00:00\",\"breadcrumb\":{\"@id\":\"https:\\\/\\\/lightweb.dev\\\/l\\\/svm-temp\\\/nyheter\\\/munskyddskravet-inomhus-kan-komma-att-havas-fran-12-april\\\/#breadcrumb\"},\"inLanguage\":\"sv-SE\",\"potentialAction\":[{\"@type\":\"ReadAction\",\"target\":[\"https:\\\/\\\/lightweb.dev\\\/l\\\/svm-temp\\\/nyheter\\\/munskyddskravet-inomhus-kan-komma-att-havas-fran-12-april\\\/\"]}]},{\"@type\":\"ImageObject\",\"inLanguage\":\"sv-SE\",\"@id\":\"https:\\\/\\\/lightweb.dev\\\/l\\\/svm-temp\\\/nyheter\\\/munskyddskravet-inomhus-kan-komma-att-havas-fran-12-april\\\/#primaryimage\",\"url\":\"https:\\\/\\\/lightweb.dev\\\/l\\\/svm-temp\\\/wp-content\\\/uploads\\\/2022\\\/05\\\/munskyddskravet-inomhus-kan-komma-att-havas-fran-12-april.png\",\"contentUrl\":\"https:\\\/\\\/lightweb.dev\\\/l\\\/svm-temp\\\/wp-content\\\/uploads\\\/2022\\\/05\\\/munskyddskravet-inomhus-kan-komma-att-havas-fran-12-april.png\",\"width\":500,\"height\":301},{\"@type\":\"BreadcrumbList\",\"@id\":\"https:\\\/\\\/lightweb.dev\\\/l\\\/svm-temp\\\/nyheter\\\/munskyddskravet-inomhus-kan-komma-att-havas-fran-12-april\\\/#breadcrumb\",\"itemListElement\":[{\"@type\":\"ListItem\",\"position\":1,\"name\":\"Hem\",\"item\":\"https:\\\/\\\/lightweb.dev\\\/l\\\/svm-temp\\\/\"},{\"@type\":\"ListItem\",\"position\":2,\"name\":\"Munskyddskravet inomhus kan komma att h\u00e4vas fr\u00e5n 12 april\"}]},{\"@type\":\"WebSite\",\"@id\":\"https:\\\/\\\/lightweb.dev\\\/l\\\/svm-temp\\\/#website\",\"url\":\"https:\\\/\\\/lightweb.dev\\\/l\\\/svm-temp\\\/\",\"name\":\"Svenska Magasinet\",\"description\":\"Dina Spanska nyheter p&aring; Svenska\",\"publisher\":{\"@id\":\"https:\\\/\\\/lightweb.dev\\\/l\\\/svm-temp\\\/#organization\"},\"potentialAction\":[{\"@type\":\"SearchAction\",\"target\":{\"@type\":\"EntryPoint\",\"urlTemplate\":\"https:\\\/\\\/lightweb.dev\\\/l\\\/svm-temp\\\/?s={search_term_string}\"},\"query-input\":{\"@type\":\"PropertyValueSpecification\",\"valueRequired\":true,\"valueName\":\"search_term_string\"}}],\"inLanguage\":\"sv-SE\"},{\"@type\":\"Organization\",\"@id\":\"https:\\\/\\\/lightweb.dev\\\/l\\\/svm-temp\\\/#organization\",\"name\":\"Melkerson y Nott SL\",\"alternateName\":\"Svenska Magasinet\",\"url\":\"https:\\\/\\\/lightweb.dev\\\/l\\\/svm-temp\\\/\",\"logo\":{\"@type\":\"ImageObject\",\"inLanguage\":\"sv-SE\",\"@id\":\"https:\\\/\\\/lightweb.dev\\\/l\\\/svm-temp\\\/#\\\/schema\\\/logo\\\/image\\\/\",\"url\":\"https:\\\/\\\/lightweb.dev\\\/l\\\/svm-temp\\\/wp-content\\\/uploads\\\/2025\\\/02\\\/SvM-logo-Xtra-Centrerad-SVART.png\",\"contentUrl\":\"https:\\\/\\\/lightweb.dev\\\/l\\\/svm-temp\\\/wp-content\\\/uploads\\\/2025\\\/02\\\/SvM-logo-Xtra-Centrerad-SVART.png\",\"width\":300,\"height\":99,\"caption\":\"Melkerson y Nott SL\"},\"image\":{\"@id\":\"https:\\\/\\\/lightweb.dev\\\/l\\\/svm-temp\\\/#\\\/schema\\\/logo\\\/image\\\/\"},\"sameAs\":[\"https:\\\/\\\/www.facebook.com\\\/svenskamagasinet\",\"https:\\\/\\\/x.com\\\/SvenskaMagasine\"]},{\"@type\":\"Person\",\"@id\":\"https:\\\/\\\/lightweb.dev\\\/l\\\/svm-temp\\\/#\\\/schema\\\/person\\\/206a3bda5b607b0c25e1749191e4d837\",\"name\":\"Redaktionen SvM\",\"description\":\"Redaktionen\",\"sameAs\":[\"https:\\\/\\\/lightweb.dev\\\/l\\\/svm-temp\"],\"url\":\"https:\\\/\\\/lightweb.dev\\\/l\\\/svm-temp\\\/reporter\\\/redaktionen\\\/\"}]}<\/script>\n<!-- \/ Yoast SEO Premium plugin. -->","yoast_head_json":{"title":"Munskyddskravet inomhus kan komma att h\u00e4vas fr\u00e5n 12 april - Svenska Magasinet","robots":{"index":"noindex","follow":"follow","max-snippet":"max-snippet:-1","max-image-preview":"max-image-preview:large","max-video-preview":"max-video-preview:-1"},"og_locale":"sv_SE","og_type":"article","og_title":"Munskyddskravet inomhus kan komma att h\u00e4vas fr\u00e5n 12 april","og_description":"Om teknikerna i h\u00e4lsov\u00e5rdsdepartementet st\u00e4ller sig bakom beslutet kommer munskyddskravet i offentliga inomhusmilj\u00f6er att h\u00e4vas den 12 april. Snart, mycket snart, snarare f\u00f6rr \u00e4n senare, \u00e4r vad som g\u00e4ller enligt h\u00e4lsov\u00e5rdsministern Carolina Darias. I torsdags var \u00e4mnet uppe i kongressen efter att Ciudadanos hade l\u00e4mnat in en motion om att lyfta kravet p\u00e5 munskydd i [&hellip;]","og_url":"https:\/\/lightweb.dev\/l\/svm-temp\/nyheter\/munskyddskravet-inomhus-kan-komma-att-havas-fran-12-april\/","og_site_name":"Svenska Magasinet","article_publisher":"https:\/\/www.facebook.com\/svenskamagasinet","article_published_time":"2022-04-04T08:28:00+00:00","og_image":[{"width":500,"height":301,"url":"https:\/\/lightweb.dev\/l\/svm-temp\/wp-content\/uploads\/2022\/05\/munskyddskravet-inomhus-kan-komma-att-havas-fran-12-april.png","type":"image\/png"}],"author":"Redaktionen SvM","twitter_card":"summary_large_image","twitter_creator":"@SvenskaMagasine","twitter_site":"@SvenskaMagasine","schema":{"@context":"https:\/\/schema.org","@graph":[{"@type":"Article","@id":"https:\/\/lightweb.dev\/l\/svm-temp\/nyheter\/munskyddskravet-inomhus-kan-komma-att-havas-fran-12-april\/#article","isPartOf":{"@id":"https:\/\/lightweb.dev\/l\/svm-temp\/nyheter\/munskyddskravet-inomhus-kan-komma-att-havas-fran-12-april\/"},"author":{"name":"Redaktionen SvM","@id":"https:\/\/lightweb.dev\/l\/svm-temp\/#\/schema\/person\/206a3bda5b607b0c25e1749191e4d837"},"headline":"Munskyddskravet inomhus kan komma att h\u00e4vas fr\u00e5n 12 april","datePublished":"2022-04-04T08:28:00+00:00","mainEntityOfPage":{"@id":"https:\/\/lightweb.dev\/l\/svm-temp\/nyheter\/munskyddskravet-inomhus-kan-komma-att-havas-fran-12-april\/"},"wordCount":291,"commentCount":0,"publisher":{"@id":"https:\/\/lightweb.dev\/l\/svm-temp\/#organization"},"image":{"@id":"https:\/\/lightweb.dev\/l\/svm-temp\/nyheter\/munskyddskravet-inomhus-kan-komma-att-havas-fran-12-april\/#primaryimage"},"thumbnailUrl":"https:\/\/lightweb.dev\/l\/svm-temp\/wp-content\/uploads\/2022\/05\/munskyddskravet-inomhus-kan-komma-att-havas-fran-12-april.png","articleSection":["Arkiv","Nyheter"],"inLanguage":"sv-SE"},{"@type":"WebPage","@id":"https:\/\/lightweb.dev\/l\/svm-temp\/nyheter\/munskyddskravet-inomhus-kan-komma-att-havas-fran-12-april\/","url":"https:\/\/lightweb.dev\/l\/svm-temp\/nyheter\/munskyddskravet-inomhus-kan-komma-att-havas-fran-12-april\/","name":"Munskyddskravet inomhus kan komma att h\u00e4vas fr\u00e5n 12 april - Svenska Magasinet","isPartOf":{"@id":"https:\/\/lightweb.dev\/l\/svm-temp\/#website"},"primaryImageOfPage":{"@id":"https:\/\/lightweb.dev\/l\/svm-temp\/nyheter\/munskyddskravet-inomhus-kan-komma-att-havas-fran-12-april\/#primaryimage"},"image":{"@id":"https:\/\/lightweb.dev\/l\/svm-temp\/nyheter\/munskyddskravet-inomhus-kan-komma-att-havas-fran-12-april\/#primaryimage"},"thumbnailUrl":"https:\/\/lightweb.dev\/l\/svm-temp\/wp-content\/uploads\/2022\/05\/munskyddskravet-inomhus-kan-komma-att-havas-fran-12-april.png","datePublished":"2022-04-04T08:28:00+00:00","breadcrumb":{"@id":"https:\/\/lightweb.dev\/l\/svm-temp\/nyheter\/munskyddskravet-inomhus-kan-komma-att-havas-fran-12-april\/#breadcrumb"},"inLanguage":"sv-SE","potentialAction":[{"@type":"ReadAction","target":["https:\/\/lightweb.dev\/l\/svm-temp\/nyheter\/munskyddskravet-inomhus-kan-komma-att-havas-fran-12-april\/"]}]},{"@type":"ImageObject","inLanguage":"sv-SE","@id":"https:\/\/lightweb.dev\/l\/svm-temp\/nyheter\/munskyddskravet-inomhus-kan-komma-att-havas-fran-12-april\/#primaryimage","url":"https:\/\/lightweb.dev\/l\/svm-temp\/wp-content\/uploads\/2022\/05\/munskyddskravet-inomhus-kan-komma-att-havas-fran-12-april.png","contentUrl":"https:\/\/lightweb.dev\/l\/svm-temp\/wp-content\/uploads\/2022\/05\/munskyddskravet-inomhus-kan-komma-att-havas-fran-12-april.png","width":500,"height":301},{"@type":"BreadcrumbList","@id":"https:\/\/lightweb.dev\/l\/svm-temp\/nyheter\/munskyddskravet-inomhus-kan-komma-att-havas-fran-12-april\/#breadcrumb","itemListElement":[{"@type":"ListItem","position":1,"name":"Hem","item":"https:\/\/lightweb.dev\/l\/svm-temp\/"},{"@type":"ListItem","position":2,"name":"Munskyddskravet inomhus kan komma att h\u00e4vas fr\u00e5n 12 april"}]},{"@type":"WebSite","@id":"https:\/\/lightweb.dev\/l\/svm-temp\/#website","url":"https:\/\/lightweb.dev\/l\/svm-temp\/","name":"Svenska Magasinet","description":"Dina Spanska nyheter p&aring; Svenska","publisher":{"@id":"https:\/\/lightweb.dev\/l\/svm-temp\/#organization"},"potentialAction":[{"@type":"SearchAction","target":{"@type":"EntryPoint","urlTemplate":"https:\/\/lightweb.dev\/l\/svm-temp\/?s={search_term_string}"},"query-input":{"@type":"PropertyValueSpecification","valueRequired":true,"valueName":"search_term_string"}}],"inLanguage":"sv-SE"},{"@type":"Organization","@id":"https:\/\/lightweb.dev\/l\/svm-temp\/#organization","name":"Melkerson y Nott SL","alternateName":"Svenska Magasinet","url":"https:\/\/lightweb.dev\/l\/svm-temp\/","logo":{"@type":"ImageObject","inLanguage":"sv-SE","@id":"https:\/\/lightweb.dev\/l\/svm-temp\/#\/schema\/logo\/image\/","url":"https:\/\/lightweb.dev\/l\/svm-temp\/wp-content\/uploads\/2025\/02\/SvM-logo-Xtra-Centrerad-SVART.png","contentUrl":"https:\/\/lightweb.dev\/l\/svm-temp\/wp-content\/uploads\/2025\/02\/SvM-logo-Xtra-Centrerad-SVART.png","width":300,"height":99,"caption":"Melkerson y Nott SL"},"image":{"@id":"https:\/\/lightweb.dev\/l\/svm-temp\/#\/schema\/logo\/image\/"},"sameAs":["https:\/\/www.facebook.com\/svenskamagasinet","https:\/\/x.com\/SvenskaMagasine"]},{"@type":"Person","@id":"https:\/\/lightweb.dev\/l\/svm-temp\/#\/schema\/person\/206a3bda5b607b0c25e1749191e4d837","name":"Redaktionen SvM","description":"Redaktionen","sameAs":["https:\/\/lightweb.dev\/l\/svm-temp"],"url":"https:\/\/lightweb.dev\/l\/svm-temp\/reporter\/redaktionen\/"}]}},"_links":{"self":[{"href":"https:\/\/lightweb.dev\/l\/svm-temp\/wp-json\/wp\/v2\/posts\/9698","targetHints":{"allow":["GET"]}}],"collection":[{"href":"https:\/\/lightweb.dev\/l\/svm-temp\/wp-json\/wp\/v2\/posts"}],"about":[{"href":"https:\/\/lightweb.dev\/l\/svm-temp\/wp-json\/wp\/v2\/types\/post"}],"author":[{"embeddable":true,"href":"https:\/\/lightweb.dev\/l\/svm-temp\/wp-json\/wp\/v2\/users\/8"}],"replies":[{"embeddable":true,"href":"https:\/\/lightweb.dev\/l\/svm-temp\/wp-json\/wp\/v2\/comments?post=9698"}],"version-history":[{"count":0,"href":"https:\/\/lightweb.dev\/l\/svm-temp\/wp-json\/wp\/v2\/posts\/9698\/revisions"}],"wp:featuredmedia":[{"embeddable":true,"href":"https:\/\/lightweb.dev\/l\/svm-temp\/wp-json\/wp\/v2\/media\/9699"}],"wp:attachment":[{"href":"https:\/\/lightweb.dev\/l\/svm-temp\/wp-json\/wp\/v2\/media?parent=9698"}],"wp:term":[{"taxonomy":"category","embeddable":true,"href":"https:\/\/lightweb.dev\/l\/svm-temp\/wp-json\/wp\/v2\/categories?post=9698"},{"taxonomy":"post_tag","embeddable":true,"href":"https:\/\/lightweb.dev\/l\/svm-temp\/wp-json\/wp\/v2\/tags?post=9698"}],"curies":[{"name":"wp","href":"https:\/\/api.w.org\/{rel}","templated":true}]}}