{"id":9700,"date":"2022-04-04T11:09:00","date_gmt":"2022-04-04T09:09:00","guid":{"rendered":"https:\/\/lightweb.dev\/l\/svm-temp\/pedro-sanchez-moter-oppositionsledaren-alberto-nunez-feijoo\/"},"modified":"2022-04-04T11:09:00","modified_gmt":"2022-04-04T09:09:00","slug":"pedro-sanchez-moter-oppositionsledaren-alberto-nunez-feijoo","status":"publish","type":"post","link":"https:\/\/lightweb.dev\/l\/svm-temp\/nyheter\/pedro-sanchez-moter-oppositionsledaren-alberto-nunez-feijoo\/","title":{"rendered":"Pedro S\u00e1nchez m\u00f6ter oppositionsledaren Alberto N\u00fa\u00f1ez Feij\u00f3o"},"content":{"rendered":"<p> Som planerat valdes Alberto N\u00fa\u00f1ez Feij\u00f3o till ny partiledare f\u00f6r Partido Popular vid partikongressen i Sevilla i helgen efter att ha f\u00e5tt 98 procent av r\u00f6sterna. P\u00e5 torsdag \u00e4r ett m\u00f6te inplanerat mellan landets regeringschef Pedro S\u00e1nchez och oppositionsledaren Alberto N\u00fa\u00f1ez Feij\u00f3o.<br \/>\n Det som N\u00fa\u00f1ez Feij\u00f3o (bilden) kommer att betona vid m\u00f6tet \u00e4r besvikelsen \u00f6ver att det inte blir n\u00e5gon s\u00e4nkt skatt p\u00e5 drivmedel och el. Det finns ett avtal om skattes\u00e4nkningar efter att regeringen och regionregeringarna nyligen m\u00f6ttes p\u00e5 La Palma.<\/p>\n<p>Oppositionsledaren \u00e4r irriterad \u00f6ver att skattereduktionen \u201dinte efterf\u00f6ljs\u201d.<\/p>\n<p>Det \u00e4r m\u00e5nga f\u00f6rv\u00e4ntningar som ligger i luften n\u00e4r partiledarna f\u00f6r landets tv\u00e5 st\u00f6rsta partier m\u00f6ts p\u00e5 torsdag. Vad som blir resultatet av m\u00f6tet \u00e4r h\u00f6gst os\u00e4kert.<\/p>\n<p>F\u00f6reg\u00e5ngaren Pablo Casado tr\u00e4ffade bara Pedro S\u00e1nchez vid tv\u00e5 tillf\u00e4llen f\u00f6r att m\u00f6tas ansikte mot ansikte. F\u00f6rsta g\u00e5ngen var i februari 2020 och senast den 2 september samma \u00e5r. Det var en p\u00e5fallande konfrontation mellan S\u00e1nchez och Casado.<\/p>\n<p>N\u00fa\u00f1ez Feij\u00f3o har gjort klart att det blir en annan konstruktiv oppositionspolitik med betoning p\u00e5 ansvar f\u00f6r landet.<\/p>\n<p>Vid partikongressen i Sevilla valdes Cuca Gamarra till ny partisekreterare och El\u00edas Bendodo blir partiets samordnare. Det g\u00f6r att Bendodo kommer att l\u00e4mna regionregeringen i Andalusien efter att den nuvarande mandatperioden slutar f\u00f6r att koncentrera sig p\u00e5 Partido Popular p\u00e5 nationellt plan.<\/p>\n<p>Det g\u00f6r att den nuvarande andalusiske regionpresidenten Juanma Morena f\u00f6rlorar sin h\u00f6gra hand och huvudf\u00f6rhandlare av allianser.<\/p>\n","protected":false},"excerpt":{"rendered":"<p>Som planerat valdes Alberto N\u00fa\u00f1ez Feij\u00f3o till ny partiledare f\u00f6r Partido Popular vid partikongressen i Sevilla i helgen efter att ha f\u00e5tt 98 procent av r\u00f6sterna. P\u00e5 torsdag \u00e4r ett m\u00f6te inplanerat mellan landets regeringschef Pedro S\u00e1nchez och oppositionsledaren Alberto N\u00fa\u00f1ez Feij\u00f3o. Det som N\u00fa\u00f1ez Feij\u00f3o (bilden) kommer att betona vid m\u00f6tet \u00e4r besvikelsen \u00f6ver [&hellip;]<\/p>\n","protected":false},"author":8,"featured_media":9701,"comment_status":"open","ping_status":"open","sticky":false,"template":"","format":"standard","meta":{"_et_pb_use_builder":"","_et_pb_old_content":"","_et_gb_content_width":"","footnotes":""},"categories":[395,3],"tags":[],"class_list":["post-9700","post","type-post","status-publish","format-standard","has-post-thumbnail","hentry","category-arkiv-nyheter","category-nyheter"],"yoast_head":"<!-- This site is optimized with the Yoast SEO Premium plugin v26.2 (Yoast SEO v27.4) - https:\/\/yoast.com\/product\/yoast-seo-premium-wordpress\/ -->\n<title>Pedro S\u00e1nchez m\u00f6ter oppositionsledaren Alberto N\u00fa\u00f1ez Feij\u00f3o - Svenska Magasinet<\/title>\n<meta name=\"robots\" content=\"noindex, follow, max-snippet:-1, max-image-preview:large, max-video-preview:-1\" \/>\n<meta property=\"og:locale\" content=\"sv_SE\" \/>\n<meta property=\"og:type\" content=\"article\" \/>\n<meta property=\"og:title\" content=\"Pedro S\u00e1nchez m\u00f6ter oppositionsledaren Alberto N\u00fa\u00f1ez Feij\u00f3o\" \/>\n<meta property=\"og:description\" content=\"Som planerat valdes Alberto N\u00fa\u00f1ez Feij\u00f3o till ny partiledare f\u00f6r Partido Popular vid partikongressen i Sevilla i helgen efter att ha f\u00e5tt 98 procent av r\u00f6sterna. P\u00e5 torsdag \u00e4r ett m\u00f6te inplanerat mellan landets regeringschef Pedro S\u00e1nchez och oppositionsledaren Alberto N\u00fa\u00f1ez Feij\u00f3o. Det som N\u00fa\u00f1ez Feij\u00f3o (bilden) kommer att betona vid m\u00f6tet \u00e4r besvikelsen \u00f6ver [&hellip;]\" \/>\n<meta property=\"og:url\" content=\"https:\/\/lightweb.dev\/l\/svm-temp\/nyheter\/pedro-sanchez-moter-oppositionsledaren-alberto-nunez-feijoo\/\" \/>\n<meta property=\"og:site_name\" content=\"Svenska Magasinet\" \/>\n<meta property=\"article:publisher\" content=\"https:\/\/www.facebook.com\/svenskamagasinet\" \/>\n<meta property=\"article:published_time\" content=\"2022-04-04T09:09:00+00:00\" \/>\n<meta property=\"og:image\" content=\"https:\/\/lightweb.dev\/l\/svm-temp\/wp-content\/uploads\/2022\/05\/pedro-sanchez-moter-oppositionsledaren-alberto-nuez-feijoo.png\" \/>\n\t<meta property=\"og:image:width\" content=\"501\" \/>\n\t<meta property=\"og:image:height\" content=\"300\" \/>\n\t<meta property=\"og:image:type\" content=\"image\/png\" \/>\n<meta name=\"author\" content=\"Redaktionen SvM\" \/>\n<meta name=\"twitter:card\" content=\"summary_large_image\" \/>\n<meta name=\"twitter:creator\" content=\"@SvenskaMagasine\" \/>\n<meta name=\"twitter:site\" content=\"@SvenskaMagasine\" \/>\n<script type=\"application\/ld+json\" class=\"yoast-schema-graph\">{\"@context\":\"https:\\\/\\\/schema.org\",\"@graph\":[{\"@type\":\"Article\",\"@id\":\"https:\\\/\\\/lightweb.dev\\\/l\\\/svm-temp\\\/nyheter\\\/pedro-sanchez-moter-oppositionsledaren-alberto-nunez-feijoo\\\/#article\",\"isPartOf\":{\"@id\":\"https:\\\/\\\/lightweb.dev\\\/l\\\/svm-temp\\\/nyheter\\\/pedro-sanchez-moter-oppositionsledaren-alberto-nunez-feijoo\\\/\"},\"author\":{\"name\":\"Redaktionen SvM\",\"@id\":\"https:\\\/\\\/lightweb.dev\\\/l\\\/svm-temp\\\/#\\\/schema\\\/person\\\/206a3bda5b607b0c25e1749191e4d837\"},\"headline\":\"Pedro S\u00e1nchez m\u00f6ter oppositionsledaren Alberto N\u00fa\u00f1ez Feij\u00f3o\",\"datePublished\":\"2022-04-04T09:09:00+00:00\",\"mainEntityOfPage\":{\"@id\":\"https:\\\/\\\/lightweb.dev\\\/l\\\/svm-temp\\\/nyheter\\\/pedro-sanchez-moter-oppositionsledaren-alberto-nunez-feijoo\\\/\"},\"wordCount\":289,\"commentCount\":0,\"publisher\":{\"@id\":\"https:\\\/\\\/lightweb.dev\\\/l\\\/svm-temp\\\/#organization\"},\"image\":{\"@id\":\"https:\\\/\\\/lightweb.dev\\\/l\\\/svm-temp\\\/nyheter\\\/pedro-sanchez-moter-oppositionsledaren-alberto-nunez-feijoo\\\/#primaryimage\"},\"thumbnailUrl\":\"https:\\\/\\\/lightweb.dev\\\/l\\\/svm-temp\\\/wp-content\\\/uploads\\\/2022\\\/05\\\/pedro-sanchez-moter-oppositionsledaren-alberto-nuez-feijoo.png\",\"articleSection\":[\"Arkiv\",\"Nyheter\"],\"inLanguage\":\"sv-SE\"},{\"@type\":\"WebPage\",\"@id\":\"https:\\\/\\\/lightweb.dev\\\/l\\\/svm-temp\\\/nyheter\\\/pedro-sanchez-moter-oppositionsledaren-alberto-nunez-feijoo\\\/\",\"url\":\"https:\\\/\\\/lightweb.dev\\\/l\\\/svm-temp\\\/nyheter\\\/pedro-sanchez-moter-oppositionsledaren-alberto-nunez-feijoo\\\/\",\"name\":\"Pedro S\u00e1nchez m\u00f6ter oppositionsledaren Alberto N\u00fa\u00f1ez Feij\u00f3o - Svenska Magasinet\",\"isPartOf\":{\"@id\":\"https:\\\/\\\/lightweb.dev\\\/l\\\/svm-temp\\\/#website\"},\"primaryImageOfPage\":{\"@id\":\"https:\\\/\\\/lightweb.dev\\\/l\\\/svm-temp\\\/nyheter\\\/pedro-sanchez-moter-oppositionsledaren-alberto-nunez-feijoo\\\/#primaryimage\"},\"image\":{\"@id\":\"https:\\\/\\\/lightweb.dev\\\/l\\\/svm-temp\\\/nyheter\\\/pedro-sanchez-moter-oppositionsledaren-alberto-nunez-feijoo\\\/#primaryimage\"},\"thumbnailUrl\":\"https:\\\/\\\/lightweb.dev\\\/l\\\/svm-temp\\\/wp-content\\\/uploads\\\/2022\\\/05\\\/pedro-sanchez-moter-oppositionsledaren-alberto-nuez-feijoo.png\",\"datePublished\":\"2022-04-04T09:09:00+00:00\",\"breadcrumb\":{\"@id\":\"https:\\\/\\\/lightweb.dev\\\/l\\\/svm-temp\\\/nyheter\\\/pedro-sanchez-moter-oppositionsledaren-alberto-nunez-feijoo\\\/#breadcrumb\"},\"inLanguage\":\"sv-SE\",\"potentialAction\":[{\"@type\":\"ReadAction\",\"target\":[\"https:\\\/\\\/lightweb.dev\\\/l\\\/svm-temp\\\/nyheter\\\/pedro-sanchez-moter-oppositionsledaren-alberto-nunez-feijoo\\\/\"]}]},{\"@type\":\"ImageObject\",\"inLanguage\":\"sv-SE\",\"@id\":\"https:\\\/\\\/lightweb.dev\\\/l\\\/svm-temp\\\/nyheter\\\/pedro-sanchez-moter-oppositionsledaren-alberto-nunez-feijoo\\\/#primaryimage\",\"url\":\"https:\\\/\\\/lightweb.dev\\\/l\\\/svm-temp\\\/wp-content\\\/uploads\\\/2022\\\/05\\\/pedro-sanchez-moter-oppositionsledaren-alberto-nuez-feijoo.png\",\"contentUrl\":\"https:\\\/\\\/lightweb.dev\\\/l\\\/svm-temp\\\/wp-content\\\/uploads\\\/2022\\\/05\\\/pedro-sanchez-moter-oppositionsledaren-alberto-nuez-feijoo.png\",\"width\":501,\"height\":300},{\"@type\":\"BreadcrumbList\",\"@id\":\"https:\\\/\\\/lightweb.dev\\\/l\\\/svm-temp\\\/nyheter\\\/pedro-sanchez-moter-oppositionsledaren-alberto-nunez-feijoo\\\/#breadcrumb\",\"itemListElement\":[{\"@type\":\"ListItem\",\"position\":1,\"name\":\"Hem\",\"item\":\"https:\\\/\\\/lightweb.dev\\\/l\\\/svm-temp\\\/\"},{\"@type\":\"ListItem\",\"position\":2,\"name\":\"Pedro S\u00e1nchez m\u00f6ter oppositionsledaren Alberto N\u00fa\u00f1ez Feij\u00f3o\"}]},{\"@type\":\"WebSite\",\"@id\":\"https:\\\/\\\/lightweb.dev\\\/l\\\/svm-temp\\\/#website\",\"url\":\"https:\\\/\\\/lightweb.dev\\\/l\\\/svm-temp\\\/\",\"name\":\"Svenska Magasinet\",\"description\":\"Dina Spanska nyheter p&aring; Svenska\",\"publisher\":{\"@id\":\"https:\\\/\\\/lightweb.dev\\\/l\\\/svm-temp\\\/#organization\"},\"potentialAction\":[{\"@type\":\"SearchAction\",\"target\":{\"@type\":\"EntryPoint\",\"urlTemplate\":\"https:\\\/\\\/lightweb.dev\\\/l\\\/svm-temp\\\/?s={search_term_string}\"},\"query-input\":{\"@type\":\"PropertyValueSpecification\",\"valueRequired\":true,\"valueName\":\"search_term_string\"}}],\"inLanguage\":\"sv-SE\"},{\"@type\":\"Organization\",\"@id\":\"https:\\\/\\\/lightweb.dev\\\/l\\\/svm-temp\\\/#organization\",\"name\":\"Melkerson y Nott SL\",\"alternateName\":\"Svenska Magasinet\",\"url\":\"https:\\\/\\\/lightweb.dev\\\/l\\\/svm-temp\\\/\",\"logo\":{\"@type\":\"ImageObject\",\"inLanguage\":\"sv-SE\",\"@id\":\"https:\\\/\\\/lightweb.dev\\\/l\\\/svm-temp\\\/#\\\/schema\\\/logo\\\/image\\\/\",\"url\":\"https:\\\/\\\/lightweb.dev\\\/l\\\/svm-temp\\\/wp-content\\\/uploads\\\/2025\\\/02\\\/SvM-logo-Xtra-Centrerad-SVART.png\",\"contentUrl\":\"https:\\\/\\\/lightweb.dev\\\/l\\\/svm-temp\\\/wp-content\\\/uploads\\\/2025\\\/02\\\/SvM-logo-Xtra-Centrerad-SVART.png\",\"width\":300,\"height\":99,\"caption\":\"Melkerson y Nott SL\"},\"image\":{\"@id\":\"https:\\\/\\\/lightweb.dev\\\/l\\\/svm-temp\\\/#\\\/schema\\\/logo\\\/image\\\/\"},\"sameAs\":[\"https:\\\/\\\/www.facebook.com\\\/svenskamagasinet\",\"https:\\\/\\\/x.com\\\/SvenskaMagasine\"]},{\"@type\":\"Person\",\"@id\":\"https:\\\/\\\/lightweb.dev\\\/l\\\/svm-temp\\\/#\\\/schema\\\/person\\\/206a3bda5b607b0c25e1749191e4d837\",\"name\":\"Redaktionen SvM\",\"description\":\"Redaktionen\",\"sameAs\":[\"https:\\\/\\\/lightweb.dev\\\/l\\\/svm-temp\"],\"url\":\"https:\\\/\\\/lightweb.dev\\\/l\\\/svm-temp\\\/reporter\\\/redaktionen\\\/\"}]}<\/script>\n<!-- \/ Yoast SEO Premium plugin. -->","yoast_head_json":{"title":"Pedro S\u00e1nchez m\u00f6ter oppositionsledaren Alberto N\u00fa\u00f1ez Feij\u00f3o - Svenska Magasinet","robots":{"index":"noindex","follow":"follow","max-snippet":"max-snippet:-1","max-image-preview":"max-image-preview:large","max-video-preview":"max-video-preview:-1"},"og_locale":"sv_SE","og_type":"article","og_title":"Pedro S\u00e1nchez m\u00f6ter oppositionsledaren Alberto N\u00fa\u00f1ez Feij\u00f3o","og_description":"Som planerat valdes Alberto N\u00fa\u00f1ez Feij\u00f3o till ny partiledare f\u00f6r Partido Popular vid partikongressen i Sevilla i helgen efter att ha f\u00e5tt 98 procent av r\u00f6sterna. P\u00e5 torsdag \u00e4r ett m\u00f6te inplanerat mellan landets regeringschef Pedro S\u00e1nchez och oppositionsledaren Alberto N\u00fa\u00f1ez Feij\u00f3o. Det som N\u00fa\u00f1ez Feij\u00f3o (bilden) kommer att betona vid m\u00f6tet \u00e4r besvikelsen \u00f6ver [&hellip;]","og_url":"https:\/\/lightweb.dev\/l\/svm-temp\/nyheter\/pedro-sanchez-moter-oppositionsledaren-alberto-nunez-feijoo\/","og_site_name":"Svenska Magasinet","article_publisher":"https:\/\/www.facebook.com\/svenskamagasinet","article_published_time":"2022-04-04T09:09:00+00:00","og_image":[{"width":501,"height":300,"url":"https:\/\/lightweb.dev\/l\/svm-temp\/wp-content\/uploads\/2022\/05\/pedro-sanchez-moter-oppositionsledaren-alberto-nuez-feijoo.png","type":"image\/png"}],"author":"Redaktionen SvM","twitter_card":"summary_large_image","twitter_creator":"@SvenskaMagasine","twitter_site":"@SvenskaMagasine","schema":{"@context":"https:\/\/schema.org","@graph":[{"@type":"Article","@id":"https:\/\/lightweb.dev\/l\/svm-temp\/nyheter\/pedro-sanchez-moter-oppositionsledaren-alberto-nunez-feijoo\/#article","isPartOf":{"@id":"https:\/\/lightweb.dev\/l\/svm-temp\/nyheter\/pedro-sanchez-moter-oppositionsledaren-alberto-nunez-feijoo\/"},"author":{"name":"Redaktionen SvM","@id":"https:\/\/lightweb.dev\/l\/svm-temp\/#\/schema\/person\/206a3bda5b607b0c25e1749191e4d837"},"headline":"Pedro S\u00e1nchez m\u00f6ter oppositionsledaren Alberto N\u00fa\u00f1ez Feij\u00f3o","datePublished":"2022-04-04T09:09:00+00:00","mainEntityOfPage":{"@id":"https:\/\/lightweb.dev\/l\/svm-temp\/nyheter\/pedro-sanchez-moter-oppositionsledaren-alberto-nunez-feijoo\/"},"wordCount":289,"commentCount":0,"publisher":{"@id":"https:\/\/lightweb.dev\/l\/svm-temp\/#organization"},"image":{"@id":"https:\/\/lightweb.dev\/l\/svm-temp\/nyheter\/pedro-sanchez-moter-oppositionsledaren-alberto-nunez-feijoo\/#primaryimage"},"thumbnailUrl":"https:\/\/lightweb.dev\/l\/svm-temp\/wp-content\/uploads\/2022\/05\/pedro-sanchez-moter-oppositionsledaren-alberto-nuez-feijoo.png","articleSection":["Arkiv","Nyheter"],"inLanguage":"sv-SE"},{"@type":"WebPage","@id":"https:\/\/lightweb.dev\/l\/svm-temp\/nyheter\/pedro-sanchez-moter-oppositionsledaren-alberto-nunez-feijoo\/","url":"https:\/\/lightweb.dev\/l\/svm-temp\/nyheter\/pedro-sanchez-moter-oppositionsledaren-alberto-nunez-feijoo\/","name":"Pedro S\u00e1nchez m\u00f6ter oppositionsledaren Alberto N\u00fa\u00f1ez Feij\u00f3o - Svenska Magasinet","isPartOf":{"@id":"https:\/\/lightweb.dev\/l\/svm-temp\/#website"},"primaryImageOfPage":{"@id":"https:\/\/lightweb.dev\/l\/svm-temp\/nyheter\/pedro-sanchez-moter-oppositionsledaren-alberto-nunez-feijoo\/#primaryimage"},"image":{"@id":"https:\/\/lightweb.dev\/l\/svm-temp\/nyheter\/pedro-sanchez-moter-oppositionsledaren-alberto-nunez-feijoo\/#primaryimage"},"thumbnailUrl":"https:\/\/lightweb.dev\/l\/svm-temp\/wp-content\/uploads\/2022\/05\/pedro-sanchez-moter-oppositionsledaren-alberto-nuez-feijoo.png","datePublished":"2022-04-04T09:09:00+00:00","breadcrumb":{"@id":"https:\/\/lightweb.dev\/l\/svm-temp\/nyheter\/pedro-sanchez-moter-oppositionsledaren-alberto-nunez-feijoo\/#breadcrumb"},"inLanguage":"sv-SE","potentialAction":[{"@type":"ReadAction","target":["https:\/\/lightweb.dev\/l\/svm-temp\/nyheter\/pedro-sanchez-moter-oppositionsledaren-alberto-nunez-feijoo\/"]}]},{"@type":"ImageObject","inLanguage":"sv-SE","@id":"https:\/\/lightweb.dev\/l\/svm-temp\/nyheter\/pedro-sanchez-moter-oppositionsledaren-alberto-nunez-feijoo\/#primaryimage","url":"https:\/\/lightweb.dev\/l\/svm-temp\/wp-content\/uploads\/2022\/05\/pedro-sanchez-moter-oppositionsledaren-alberto-nuez-feijoo.png","contentUrl":"https:\/\/lightweb.dev\/l\/svm-temp\/wp-content\/uploads\/2022\/05\/pedro-sanchez-moter-oppositionsledaren-alberto-nuez-feijoo.png","width":501,"height":300},{"@type":"BreadcrumbList","@id":"https:\/\/lightweb.dev\/l\/svm-temp\/nyheter\/pedro-sanchez-moter-oppositionsledaren-alberto-nunez-feijoo\/#breadcrumb","itemListElement":[{"@type":"ListItem","position":1,"name":"Hem","item":"https:\/\/lightweb.dev\/l\/svm-temp\/"},{"@type":"ListItem","position":2,"name":"Pedro S\u00e1nchez m\u00f6ter oppositionsledaren Alberto N\u00fa\u00f1ez Feij\u00f3o"}]},{"@type":"WebSite","@id":"https:\/\/lightweb.dev\/l\/svm-temp\/#website","url":"https:\/\/lightweb.dev\/l\/svm-temp\/","name":"Svenska Magasinet","description":"Dina Spanska nyheter p&aring; Svenska","publisher":{"@id":"https:\/\/lightweb.dev\/l\/svm-temp\/#organization"},"potentialAction":[{"@type":"SearchAction","target":{"@type":"EntryPoint","urlTemplate":"https:\/\/lightweb.dev\/l\/svm-temp\/?s={search_term_string}"},"query-input":{"@type":"PropertyValueSpecification","valueRequired":true,"valueName":"search_term_string"}}],"inLanguage":"sv-SE"},{"@type":"Organization","@id":"https:\/\/lightweb.dev\/l\/svm-temp\/#organization","name":"Melkerson y Nott SL","alternateName":"Svenska Magasinet","url":"https:\/\/lightweb.dev\/l\/svm-temp\/","logo":{"@type":"ImageObject","inLanguage":"sv-SE","@id":"https:\/\/lightweb.dev\/l\/svm-temp\/#\/schema\/logo\/image\/","url":"https:\/\/lightweb.dev\/l\/svm-temp\/wp-content\/uploads\/2025\/02\/SvM-logo-Xtra-Centrerad-SVART.png","contentUrl":"https:\/\/lightweb.dev\/l\/svm-temp\/wp-content\/uploads\/2025\/02\/SvM-logo-Xtra-Centrerad-SVART.png","width":300,"height":99,"caption":"Melkerson y Nott SL"},"image":{"@id":"https:\/\/lightweb.dev\/l\/svm-temp\/#\/schema\/logo\/image\/"},"sameAs":["https:\/\/www.facebook.com\/svenskamagasinet","https:\/\/x.com\/SvenskaMagasine"]},{"@type":"Person","@id":"https:\/\/lightweb.dev\/l\/svm-temp\/#\/schema\/person\/206a3bda5b607b0c25e1749191e4d837","name":"Redaktionen SvM","description":"Redaktionen","sameAs":["https:\/\/lightweb.dev\/l\/svm-temp"],"url":"https:\/\/lightweb.dev\/l\/svm-temp\/reporter\/redaktionen\/"}]}},"_links":{"self":[{"href":"https:\/\/lightweb.dev\/l\/svm-temp\/wp-json\/wp\/v2\/posts\/9700","targetHints":{"allow":["GET"]}}],"collection":[{"href":"https:\/\/lightweb.dev\/l\/svm-temp\/wp-json\/wp\/v2\/posts"}],"about":[{"href":"https:\/\/lightweb.dev\/l\/svm-temp\/wp-json\/wp\/v2\/types\/post"}],"author":[{"embeddable":true,"href":"https:\/\/lightweb.dev\/l\/svm-temp\/wp-json\/wp\/v2\/users\/8"}],"replies":[{"embeddable":true,"href":"https:\/\/lightweb.dev\/l\/svm-temp\/wp-json\/wp\/v2\/comments?post=9700"}],"version-history":[{"count":0,"href":"https:\/\/lightweb.dev\/l\/svm-temp\/wp-json\/wp\/v2\/posts\/9700\/revisions"}],"wp:featuredmedia":[{"embeddable":true,"href":"https:\/\/lightweb.dev\/l\/svm-temp\/wp-json\/wp\/v2\/media\/9701"}],"wp:attachment":[{"href":"https:\/\/lightweb.dev\/l\/svm-temp\/wp-json\/wp\/v2\/media?parent=9700"}],"wp:term":[{"taxonomy":"category","embeddable":true,"href":"https:\/\/lightweb.dev\/l\/svm-temp\/wp-json\/wp\/v2\/categories?post=9700"},{"taxonomy":"post_tag","embeddable":true,"href":"https:\/\/lightweb.dev\/l\/svm-temp\/wp-json\/wp\/v2\/tags?post=9700"}],"curies":[{"name":"wp","href":"https:\/\/api.w.org\/{rel}","templated":true}]}}