{"id":9704,"date":"2022-04-01T10:05:00","date_gmt":"2022-04-01T08:05:00","guid":{"rendered":"https:\/\/lightweb.dev\/l\/svm-temp\/carrera-de-la-prensa-arrangeras-i-malaga-8-maj\/"},"modified":"2022-04-01T10:05:00","modified_gmt":"2022-04-01T08:05:00","slug":"carrera-de-la-prensa-arrangeras-i-malaga-8-maj","status":"publish","type":"post","link":"https:\/\/lightweb.dev\/l\/svm-temp\/nyheter\/carrera-de-la-prensa-arrangeras-i-malaga-8-maj\/","title":{"rendered":"Carrera de la Prensa arrangeras i M\u00e1laga 8 maj"},"content":{"rendered":"<p> Efter att ha blivit inst\u00e4llt tv\u00e5 \u00e5r i rad arrangeras den femte upplagan av stadsloppet Carrera de la Prensa i M\u00e1laga s\u00f6ndagen den 8 maj f\u00f6r att uppm\u00e4rksamma Pressfrihetens Dag som \u00e4r den 3 maj. T\u00e4vlingen \u00e4r \u00f6ppen f\u00f6r alla. En nyhet f\u00f6r i \u00e5r \u00e4r solidaritetsmarschen p\u00e5 tv\u00e5 kilometer f\u00f6r hela familjen. En del av int\u00e4kterna g\u00e5r till FN:s flyktingorgan UNHCR f\u00f6r att st\u00f6dja deras viktiga insats med anledning av kriget i Ukraina.<br \/>\n Huvudsponsor f\u00f6r stadsloppet \u00e4r provinsstyrelsen Diputaci\u00f3n i M\u00e1laga i samarbete med M\u00e1laga kommun, stiftelsen Fundaci\u00f3n Unicaja, El Corte Ingl\u00e9s och sjukhuset Quir\u00f3nsalud M\u00e1laga.<\/p>\n<p>En speciell t-shirt delas ut gratis till de f\u00f6rsta tusen anm\u00e4lda med loggan h\u00e4r ovan som \u00e4r gjord av den k\u00e4nde M\u00e1lagatecknaren \u00cddigoras y Pachi som ofta medverkar i Diario SUR med humoristiska inslag.<\/p>\n<p>Stadsloppet m\u00e4ter 7 kilometer och \u00e4r \u00f6ppet f\u00f6r alla mellan 14 till 80 \u00e5r. Det startar klockan 9 vid stadion La Rosaleda (avda. La Palmilla) och g\u00e5r l\u00e4ngs gator som calle Larios, plazas de la Constituci\u00f3n, La Merced, La Victoria och calle Granada. M\u00e5lg\u00e5ng \u00e4r vid kommunhuset.<\/p>\n<p>Du kan anm\u00e4la dig f\u00f6r loppet fram till den 6 maj. Fram till 20 april \u00e4r avgiften 6 euro f\u00f6r att sedan stiga till 10 euro. Tr\u00f6ja och \u00f6vrig information kan avh\u00e4mtas vid sportavdelningen departamento de Deportes vid El Corte Ingl\u00e9s p\u00e5 Avenida de Andaluc\u00eda de M\u00e1laga den 6 och 7 maj klockan 10 till 14:00 och mellan klockan 16 till 20.<\/p>\n<p>Fram till 5 maj kan du anm\u00e4la dig f\u00f6r loppet via webbplatserna carreradelaprensa.com, journalistf\u00f6rbundets webbplats aprensamalaga.com och dorsalchip.es<\/p>\n<p>Pressfrihetens Dag instiftades av FN 1993.<\/p>\n","protected":false},"excerpt":{"rendered":"<p>Efter att ha blivit inst\u00e4llt tv\u00e5 \u00e5r i rad arrangeras den femte upplagan av stadsloppet Carrera de la Prensa i M\u00e1laga s\u00f6ndagen den 8 maj f\u00f6r att uppm\u00e4rksamma Pressfrihetens Dag som \u00e4r den 3 maj. T\u00e4vlingen \u00e4r \u00f6ppen f\u00f6r alla. En nyhet f\u00f6r i \u00e5r \u00e4r solidaritetsmarschen p\u00e5 tv\u00e5 kilometer f\u00f6r hela familjen. En del [&hellip;]<\/p>\n","protected":false},"author":8,"featured_media":9705,"comment_status":"open","ping_status":"open","sticky":false,"template":"","format":"standard","meta":{"_et_pb_use_builder":"","_et_pb_old_content":"","_et_gb_content_width":"","footnotes":""},"categories":[395,3],"tags":[],"class_list":["post-9704","post","type-post","status-publish","format-standard","has-post-thumbnail","hentry","category-arkiv-nyheter","category-nyheter"],"yoast_head":"<!-- This site is optimized with the Yoast SEO Premium plugin v26.2 (Yoast SEO v27.4) - https:\/\/yoast.com\/product\/yoast-seo-premium-wordpress\/ -->\n<title>Carrera de la Prensa arrangeras i M\u00e1laga 8 maj - Svenska Magasinet<\/title>\n<meta name=\"robots\" content=\"noindex, follow, max-snippet:-1, max-image-preview:large, max-video-preview:-1\" \/>\n<meta property=\"og:locale\" content=\"sv_SE\" \/>\n<meta property=\"og:type\" content=\"article\" \/>\n<meta property=\"og:title\" content=\"Carrera de la Prensa arrangeras i M\u00e1laga 8 maj\" \/>\n<meta property=\"og:description\" content=\"Efter att ha blivit inst\u00e4llt tv\u00e5 \u00e5r i rad arrangeras den femte upplagan av stadsloppet Carrera de la Prensa i M\u00e1laga s\u00f6ndagen den 8 maj f\u00f6r att uppm\u00e4rksamma Pressfrihetens Dag som \u00e4r den 3 maj. T\u00e4vlingen \u00e4r \u00f6ppen f\u00f6r alla. En nyhet f\u00f6r i \u00e5r \u00e4r solidaritetsmarschen p\u00e5 tv\u00e5 kilometer f\u00f6r hela familjen. En del [&hellip;]\" \/>\n<meta property=\"og:url\" content=\"https:\/\/lightweb.dev\/l\/svm-temp\/nyheter\/carrera-de-la-prensa-arrangeras-i-malaga-8-maj\/\" \/>\n<meta property=\"og:site_name\" content=\"Svenska Magasinet\" \/>\n<meta property=\"article:publisher\" content=\"https:\/\/www.facebook.com\/svenskamagasinet\" \/>\n<meta property=\"article:published_time\" content=\"2022-04-01T08:05:00+00:00\" \/>\n<meta property=\"og:image\" content=\"https:\/\/lightweb.dev\/l\/svm-temp\/wp-content\/uploads\/2022\/05\/carrera-de-la-prensa-arrangeras-i-malaga-8-maj.png\" \/>\n\t<meta property=\"og:image:width\" content=\"500\" \/>\n\t<meta property=\"og:image:height\" content=\"300\" \/>\n\t<meta property=\"og:image:type\" content=\"image\/png\" \/>\n<meta name=\"author\" content=\"Redaktionen SvM\" \/>\n<meta name=\"twitter:card\" content=\"summary_large_image\" \/>\n<meta name=\"twitter:creator\" content=\"@SvenskaMagasine\" \/>\n<meta name=\"twitter:site\" content=\"@SvenskaMagasine\" \/>\n<script type=\"application\/ld+json\" class=\"yoast-schema-graph\">{\"@context\":\"https:\\\/\\\/schema.org\",\"@graph\":[{\"@type\":\"Article\",\"@id\":\"https:\\\/\\\/lightweb.dev\\\/l\\\/svm-temp\\\/nyheter\\\/carrera-de-la-prensa-arrangeras-i-malaga-8-maj\\\/#article\",\"isPartOf\":{\"@id\":\"https:\\\/\\\/lightweb.dev\\\/l\\\/svm-temp\\\/nyheter\\\/carrera-de-la-prensa-arrangeras-i-malaga-8-maj\\\/\"},\"author\":{\"name\":\"Redaktionen SvM\",\"@id\":\"https:\\\/\\\/lightweb.dev\\\/l\\\/svm-temp\\\/#\\\/schema\\\/person\\\/206a3bda5b607b0c25e1749191e4d837\"},\"headline\":\"Carrera de la Prensa arrangeras i M\u00e1laga 8 maj\",\"datePublished\":\"2022-04-01T08:05:00+00:00\",\"mainEntityOfPage\":{\"@id\":\"https:\\\/\\\/lightweb.dev\\\/l\\\/svm-temp\\\/nyheter\\\/carrera-de-la-prensa-arrangeras-i-malaga-8-maj\\\/\"},\"wordCount\":303,\"commentCount\":0,\"publisher\":{\"@id\":\"https:\\\/\\\/lightweb.dev\\\/l\\\/svm-temp\\\/#organization\"},\"image\":{\"@id\":\"https:\\\/\\\/lightweb.dev\\\/l\\\/svm-temp\\\/nyheter\\\/carrera-de-la-prensa-arrangeras-i-malaga-8-maj\\\/#primaryimage\"},\"thumbnailUrl\":\"https:\\\/\\\/lightweb.dev\\\/l\\\/svm-temp\\\/wp-content\\\/uploads\\\/2022\\\/05\\\/carrera-de-la-prensa-arrangeras-i-malaga-8-maj.png\",\"articleSection\":[\"Arkiv\",\"Nyheter\"],\"inLanguage\":\"sv-SE\"},{\"@type\":\"WebPage\",\"@id\":\"https:\\\/\\\/lightweb.dev\\\/l\\\/svm-temp\\\/nyheter\\\/carrera-de-la-prensa-arrangeras-i-malaga-8-maj\\\/\",\"url\":\"https:\\\/\\\/lightweb.dev\\\/l\\\/svm-temp\\\/nyheter\\\/carrera-de-la-prensa-arrangeras-i-malaga-8-maj\\\/\",\"name\":\"Carrera de la Prensa arrangeras i M\u00e1laga 8 maj - Svenska Magasinet\",\"isPartOf\":{\"@id\":\"https:\\\/\\\/lightweb.dev\\\/l\\\/svm-temp\\\/#website\"},\"primaryImageOfPage\":{\"@id\":\"https:\\\/\\\/lightweb.dev\\\/l\\\/svm-temp\\\/nyheter\\\/carrera-de-la-prensa-arrangeras-i-malaga-8-maj\\\/#primaryimage\"},\"image\":{\"@id\":\"https:\\\/\\\/lightweb.dev\\\/l\\\/svm-temp\\\/nyheter\\\/carrera-de-la-prensa-arrangeras-i-malaga-8-maj\\\/#primaryimage\"},\"thumbnailUrl\":\"https:\\\/\\\/lightweb.dev\\\/l\\\/svm-temp\\\/wp-content\\\/uploads\\\/2022\\\/05\\\/carrera-de-la-prensa-arrangeras-i-malaga-8-maj.png\",\"datePublished\":\"2022-04-01T08:05:00+00:00\",\"breadcrumb\":{\"@id\":\"https:\\\/\\\/lightweb.dev\\\/l\\\/svm-temp\\\/nyheter\\\/carrera-de-la-prensa-arrangeras-i-malaga-8-maj\\\/#breadcrumb\"},\"inLanguage\":\"sv-SE\",\"potentialAction\":[{\"@type\":\"ReadAction\",\"target\":[\"https:\\\/\\\/lightweb.dev\\\/l\\\/svm-temp\\\/nyheter\\\/carrera-de-la-prensa-arrangeras-i-malaga-8-maj\\\/\"]}]},{\"@type\":\"ImageObject\",\"inLanguage\":\"sv-SE\",\"@id\":\"https:\\\/\\\/lightweb.dev\\\/l\\\/svm-temp\\\/nyheter\\\/carrera-de-la-prensa-arrangeras-i-malaga-8-maj\\\/#primaryimage\",\"url\":\"https:\\\/\\\/lightweb.dev\\\/l\\\/svm-temp\\\/wp-content\\\/uploads\\\/2022\\\/05\\\/carrera-de-la-prensa-arrangeras-i-malaga-8-maj.png\",\"contentUrl\":\"https:\\\/\\\/lightweb.dev\\\/l\\\/svm-temp\\\/wp-content\\\/uploads\\\/2022\\\/05\\\/carrera-de-la-prensa-arrangeras-i-malaga-8-maj.png\",\"width\":500,\"height\":300},{\"@type\":\"BreadcrumbList\",\"@id\":\"https:\\\/\\\/lightweb.dev\\\/l\\\/svm-temp\\\/nyheter\\\/carrera-de-la-prensa-arrangeras-i-malaga-8-maj\\\/#breadcrumb\",\"itemListElement\":[{\"@type\":\"ListItem\",\"position\":1,\"name\":\"Hem\",\"item\":\"https:\\\/\\\/lightweb.dev\\\/l\\\/svm-temp\\\/\"},{\"@type\":\"ListItem\",\"position\":2,\"name\":\"Carrera de la Prensa arrangeras i M\u00e1laga 8 maj\"}]},{\"@type\":\"WebSite\",\"@id\":\"https:\\\/\\\/lightweb.dev\\\/l\\\/svm-temp\\\/#website\",\"url\":\"https:\\\/\\\/lightweb.dev\\\/l\\\/svm-temp\\\/\",\"name\":\"Svenska Magasinet\",\"description\":\"Dina Spanska nyheter p&aring; Svenska\",\"publisher\":{\"@id\":\"https:\\\/\\\/lightweb.dev\\\/l\\\/svm-temp\\\/#organization\"},\"potentialAction\":[{\"@type\":\"SearchAction\",\"target\":{\"@type\":\"EntryPoint\",\"urlTemplate\":\"https:\\\/\\\/lightweb.dev\\\/l\\\/svm-temp\\\/?s={search_term_string}\"},\"query-input\":{\"@type\":\"PropertyValueSpecification\",\"valueRequired\":true,\"valueName\":\"search_term_string\"}}],\"inLanguage\":\"sv-SE\"},{\"@type\":\"Organization\",\"@id\":\"https:\\\/\\\/lightweb.dev\\\/l\\\/svm-temp\\\/#organization\",\"name\":\"Melkerson y Nott SL\",\"alternateName\":\"Svenska Magasinet\",\"url\":\"https:\\\/\\\/lightweb.dev\\\/l\\\/svm-temp\\\/\",\"logo\":{\"@type\":\"ImageObject\",\"inLanguage\":\"sv-SE\",\"@id\":\"https:\\\/\\\/lightweb.dev\\\/l\\\/svm-temp\\\/#\\\/schema\\\/logo\\\/image\\\/\",\"url\":\"https:\\\/\\\/lightweb.dev\\\/l\\\/svm-temp\\\/wp-content\\\/uploads\\\/2025\\\/02\\\/SvM-logo-Xtra-Centrerad-SVART.png\",\"contentUrl\":\"https:\\\/\\\/lightweb.dev\\\/l\\\/svm-temp\\\/wp-content\\\/uploads\\\/2025\\\/02\\\/SvM-logo-Xtra-Centrerad-SVART.png\",\"width\":300,\"height\":99,\"caption\":\"Melkerson y Nott SL\"},\"image\":{\"@id\":\"https:\\\/\\\/lightweb.dev\\\/l\\\/svm-temp\\\/#\\\/schema\\\/logo\\\/image\\\/\"},\"sameAs\":[\"https:\\\/\\\/www.facebook.com\\\/svenskamagasinet\",\"https:\\\/\\\/x.com\\\/SvenskaMagasine\"]},{\"@type\":\"Person\",\"@id\":\"https:\\\/\\\/lightweb.dev\\\/l\\\/svm-temp\\\/#\\\/schema\\\/person\\\/206a3bda5b607b0c25e1749191e4d837\",\"name\":\"Redaktionen SvM\",\"description\":\"Redaktionen\",\"sameAs\":[\"https:\\\/\\\/lightweb.dev\\\/l\\\/svm-temp\"],\"url\":\"https:\\\/\\\/lightweb.dev\\\/l\\\/svm-temp\\\/reporter\\\/redaktionen\\\/\"}]}<\/script>\n<!-- \/ Yoast SEO Premium plugin. -->","yoast_head_json":{"title":"Carrera de la Prensa arrangeras i M\u00e1laga 8 maj - Svenska Magasinet","robots":{"index":"noindex","follow":"follow","max-snippet":"max-snippet:-1","max-image-preview":"max-image-preview:large","max-video-preview":"max-video-preview:-1"},"og_locale":"sv_SE","og_type":"article","og_title":"Carrera de la Prensa arrangeras i M\u00e1laga 8 maj","og_description":"Efter att ha blivit inst\u00e4llt tv\u00e5 \u00e5r i rad arrangeras den femte upplagan av stadsloppet Carrera de la Prensa i M\u00e1laga s\u00f6ndagen den 8 maj f\u00f6r att uppm\u00e4rksamma Pressfrihetens Dag som \u00e4r den 3 maj. T\u00e4vlingen \u00e4r \u00f6ppen f\u00f6r alla. En nyhet f\u00f6r i \u00e5r \u00e4r solidaritetsmarschen p\u00e5 tv\u00e5 kilometer f\u00f6r hela familjen. En del [&hellip;]","og_url":"https:\/\/lightweb.dev\/l\/svm-temp\/nyheter\/carrera-de-la-prensa-arrangeras-i-malaga-8-maj\/","og_site_name":"Svenska Magasinet","article_publisher":"https:\/\/www.facebook.com\/svenskamagasinet","article_published_time":"2022-04-01T08:05:00+00:00","og_image":[{"width":500,"height":300,"url":"https:\/\/lightweb.dev\/l\/svm-temp\/wp-content\/uploads\/2022\/05\/carrera-de-la-prensa-arrangeras-i-malaga-8-maj.png","type":"image\/png"}],"author":"Redaktionen SvM","twitter_card":"summary_large_image","twitter_creator":"@SvenskaMagasine","twitter_site":"@SvenskaMagasine","schema":{"@context":"https:\/\/schema.org","@graph":[{"@type":"Article","@id":"https:\/\/lightweb.dev\/l\/svm-temp\/nyheter\/carrera-de-la-prensa-arrangeras-i-malaga-8-maj\/#article","isPartOf":{"@id":"https:\/\/lightweb.dev\/l\/svm-temp\/nyheter\/carrera-de-la-prensa-arrangeras-i-malaga-8-maj\/"},"author":{"name":"Redaktionen SvM","@id":"https:\/\/lightweb.dev\/l\/svm-temp\/#\/schema\/person\/206a3bda5b607b0c25e1749191e4d837"},"headline":"Carrera de la Prensa arrangeras i M\u00e1laga 8 maj","datePublished":"2022-04-01T08:05:00+00:00","mainEntityOfPage":{"@id":"https:\/\/lightweb.dev\/l\/svm-temp\/nyheter\/carrera-de-la-prensa-arrangeras-i-malaga-8-maj\/"},"wordCount":303,"commentCount":0,"publisher":{"@id":"https:\/\/lightweb.dev\/l\/svm-temp\/#organization"},"image":{"@id":"https:\/\/lightweb.dev\/l\/svm-temp\/nyheter\/carrera-de-la-prensa-arrangeras-i-malaga-8-maj\/#primaryimage"},"thumbnailUrl":"https:\/\/lightweb.dev\/l\/svm-temp\/wp-content\/uploads\/2022\/05\/carrera-de-la-prensa-arrangeras-i-malaga-8-maj.png","articleSection":["Arkiv","Nyheter"],"inLanguage":"sv-SE"},{"@type":"WebPage","@id":"https:\/\/lightweb.dev\/l\/svm-temp\/nyheter\/carrera-de-la-prensa-arrangeras-i-malaga-8-maj\/","url":"https:\/\/lightweb.dev\/l\/svm-temp\/nyheter\/carrera-de-la-prensa-arrangeras-i-malaga-8-maj\/","name":"Carrera de la Prensa arrangeras i M\u00e1laga 8 maj - Svenska Magasinet","isPartOf":{"@id":"https:\/\/lightweb.dev\/l\/svm-temp\/#website"},"primaryImageOfPage":{"@id":"https:\/\/lightweb.dev\/l\/svm-temp\/nyheter\/carrera-de-la-prensa-arrangeras-i-malaga-8-maj\/#primaryimage"},"image":{"@id":"https:\/\/lightweb.dev\/l\/svm-temp\/nyheter\/carrera-de-la-prensa-arrangeras-i-malaga-8-maj\/#primaryimage"},"thumbnailUrl":"https:\/\/lightweb.dev\/l\/svm-temp\/wp-content\/uploads\/2022\/05\/carrera-de-la-prensa-arrangeras-i-malaga-8-maj.png","datePublished":"2022-04-01T08:05:00+00:00","breadcrumb":{"@id":"https:\/\/lightweb.dev\/l\/svm-temp\/nyheter\/carrera-de-la-prensa-arrangeras-i-malaga-8-maj\/#breadcrumb"},"inLanguage":"sv-SE","potentialAction":[{"@type":"ReadAction","target":["https:\/\/lightweb.dev\/l\/svm-temp\/nyheter\/carrera-de-la-prensa-arrangeras-i-malaga-8-maj\/"]}]},{"@type":"ImageObject","inLanguage":"sv-SE","@id":"https:\/\/lightweb.dev\/l\/svm-temp\/nyheter\/carrera-de-la-prensa-arrangeras-i-malaga-8-maj\/#primaryimage","url":"https:\/\/lightweb.dev\/l\/svm-temp\/wp-content\/uploads\/2022\/05\/carrera-de-la-prensa-arrangeras-i-malaga-8-maj.png","contentUrl":"https:\/\/lightweb.dev\/l\/svm-temp\/wp-content\/uploads\/2022\/05\/carrera-de-la-prensa-arrangeras-i-malaga-8-maj.png","width":500,"height":300},{"@type":"BreadcrumbList","@id":"https:\/\/lightweb.dev\/l\/svm-temp\/nyheter\/carrera-de-la-prensa-arrangeras-i-malaga-8-maj\/#breadcrumb","itemListElement":[{"@type":"ListItem","position":1,"name":"Hem","item":"https:\/\/lightweb.dev\/l\/svm-temp\/"},{"@type":"ListItem","position":2,"name":"Carrera de la Prensa arrangeras i M\u00e1laga 8 maj"}]},{"@type":"WebSite","@id":"https:\/\/lightweb.dev\/l\/svm-temp\/#website","url":"https:\/\/lightweb.dev\/l\/svm-temp\/","name":"Svenska Magasinet","description":"Dina Spanska nyheter p&aring; Svenska","publisher":{"@id":"https:\/\/lightweb.dev\/l\/svm-temp\/#organization"},"potentialAction":[{"@type":"SearchAction","target":{"@type":"EntryPoint","urlTemplate":"https:\/\/lightweb.dev\/l\/svm-temp\/?s={search_term_string}"},"query-input":{"@type":"PropertyValueSpecification","valueRequired":true,"valueName":"search_term_string"}}],"inLanguage":"sv-SE"},{"@type":"Organization","@id":"https:\/\/lightweb.dev\/l\/svm-temp\/#organization","name":"Melkerson y Nott SL","alternateName":"Svenska Magasinet","url":"https:\/\/lightweb.dev\/l\/svm-temp\/","logo":{"@type":"ImageObject","inLanguage":"sv-SE","@id":"https:\/\/lightweb.dev\/l\/svm-temp\/#\/schema\/logo\/image\/","url":"https:\/\/lightweb.dev\/l\/svm-temp\/wp-content\/uploads\/2025\/02\/SvM-logo-Xtra-Centrerad-SVART.png","contentUrl":"https:\/\/lightweb.dev\/l\/svm-temp\/wp-content\/uploads\/2025\/02\/SvM-logo-Xtra-Centrerad-SVART.png","width":300,"height":99,"caption":"Melkerson y Nott SL"},"image":{"@id":"https:\/\/lightweb.dev\/l\/svm-temp\/#\/schema\/logo\/image\/"},"sameAs":["https:\/\/www.facebook.com\/svenskamagasinet","https:\/\/x.com\/SvenskaMagasine"]},{"@type":"Person","@id":"https:\/\/lightweb.dev\/l\/svm-temp\/#\/schema\/person\/206a3bda5b607b0c25e1749191e4d837","name":"Redaktionen SvM","description":"Redaktionen","sameAs":["https:\/\/lightweb.dev\/l\/svm-temp"],"url":"https:\/\/lightweb.dev\/l\/svm-temp\/reporter\/redaktionen\/"}]}},"_links":{"self":[{"href":"https:\/\/lightweb.dev\/l\/svm-temp\/wp-json\/wp\/v2\/posts\/9704","targetHints":{"allow":["GET"]}}],"collection":[{"href":"https:\/\/lightweb.dev\/l\/svm-temp\/wp-json\/wp\/v2\/posts"}],"about":[{"href":"https:\/\/lightweb.dev\/l\/svm-temp\/wp-json\/wp\/v2\/types\/post"}],"author":[{"embeddable":true,"href":"https:\/\/lightweb.dev\/l\/svm-temp\/wp-json\/wp\/v2\/users\/8"}],"replies":[{"embeddable":true,"href":"https:\/\/lightweb.dev\/l\/svm-temp\/wp-json\/wp\/v2\/comments?post=9704"}],"version-history":[{"count":0,"href":"https:\/\/lightweb.dev\/l\/svm-temp\/wp-json\/wp\/v2\/posts\/9704\/revisions"}],"wp:featuredmedia":[{"embeddable":true,"href":"https:\/\/lightweb.dev\/l\/svm-temp\/wp-json\/wp\/v2\/media\/9705"}],"wp:attachment":[{"href":"https:\/\/lightweb.dev\/l\/svm-temp\/wp-json\/wp\/v2\/media?parent=9704"}],"wp:term":[{"taxonomy":"category","embeddable":true,"href":"https:\/\/lightweb.dev\/l\/svm-temp\/wp-json\/wp\/v2\/categories?post=9704"},{"taxonomy":"post_tag","embeddable":true,"href":"https:\/\/lightweb.dev\/l\/svm-temp\/wp-json\/wp\/v2\/tags?post=9704"}],"curies":[{"name":"wp","href":"https:\/\/api.w.org\/{rel}","templated":true}]}}