{"id":9706,"date":"2022-04-01T10:43:00","date_gmt":"2022-04-01T08:43:00","guid":{"rendered":"https:\/\/lightweb.dev\/l\/svm-temp\/butiker-far-ratt-att-infora-ransonering-vid-exceptionella-situationer\/"},"modified":"2022-04-01T10:43:00","modified_gmt":"2022-04-01T08:43:00","slug":"butiker-far-ratt-att-infora-ransonering-vid-exceptionella-situationer","status":"publish","type":"post","link":"https:\/\/lightweb.dev\/l\/svm-temp\/nyheter\/butiker-far-ratt-att-infora-ransonering-vid-exceptionella-situationer\/","title":{"rendered":"Butiker f\u00e5r r\u00e4tt att inf\u00f6ra ransonering vid exceptionella situationer"},"content":{"rendered":"<p> Livsmedelskedjor f\u00e5r r\u00e4tt att inf\u00f6ra ransonering av varor d\u00e4r hush\u00e5ll f\u00e5r k\u00f6pa ett begr\u00e4nsat antal. Beslutet ing\u00e5r i det krispaket som regeringen utarbetat f\u00f6r att motverka att det kan uppst\u00e5 brist p\u00e5 basvaror.<br \/>\n I dagsl\u00e4get finns det inget krav p\u00e5 ransonering. Men enligt ministerr\u00e5det f\u00e5r livsmedelskedjor m\u00f6jlighet att inf\u00f6ra ransonering g\u00e4ller vid exceptionella situationer. D\u00e5 har livsmedelsbutiker r\u00e4tt att begr\u00e4nsa antalet enheter av samma produkt f\u00f6r varje hush\u00e5ll.<\/p>\n<p>Beslutet annonserades officiellt i statens bulletin BOE (Bolet\u00edn Oficial del Estado) i onsdags.<\/p>\n<p>Regeringen vill med beslutet komma \u00e5t problemet som funnits de senaste veckorna d\u00e5 produkter som solrosolja och mj\u00f6lk har tagit slut i flera butiker.<\/p>\n<p>Konsumentorganisationen FACUA-Consumidores en Acci\u00f3n har tidigare anm\u00e4lt kedjor som DIA, Mercadona, MAS, El Jam\u00f3n och Hiperdino f\u00f6r att begr\u00e4nsa f\u00f6rs\u00e4ljningen av vissa varor.<\/p>\n<p>Regeringens beslut g\u00f6r att butiker i undantagsfall f\u00e5r inf\u00f6ra ett tak p\u00e5 antalet ink\u00f6p av en viss vara.<\/p>\n<p>Sammanslutningen Asufin \u00e4r dock kritisk till regeringens beslut och menar att det kan bidra till \u201dkonsumentparanoia och prisspekulation p\u00e5 grundl\u00e4ggande f\u00f6rn\u00f6denheter\u201d.<\/p>\n","protected":false},"excerpt":{"rendered":"<p>Livsmedelskedjor f\u00e5r r\u00e4tt att inf\u00f6ra ransonering av varor d\u00e4r hush\u00e5ll f\u00e5r k\u00f6pa ett begr\u00e4nsat antal. Beslutet ing\u00e5r i det krispaket som regeringen utarbetat f\u00f6r att motverka att det kan uppst\u00e5 brist p\u00e5 basvaror. I dagsl\u00e4get finns det inget krav p\u00e5 ransonering. Men enligt ministerr\u00e5det f\u00e5r livsmedelskedjor m\u00f6jlighet att inf\u00f6ra ransonering g\u00e4ller vid exceptionella situationer. D\u00e5 [&hellip;]<\/p>\n","protected":false},"author":8,"featured_media":9707,"comment_status":"open","ping_status":"open","sticky":false,"template":"","format":"standard","meta":{"_et_pb_use_builder":"","_et_pb_old_content":"","_et_gb_content_width":"","footnotes":""},"categories":[395,3],"tags":[],"class_list":["post-9706","post","type-post","status-publish","format-standard","has-post-thumbnail","hentry","category-arkiv-nyheter","category-nyheter"],"yoast_head":"<!-- This site is optimized with the Yoast SEO Premium plugin v26.2 (Yoast SEO v27.4) - https:\/\/yoast.com\/product\/yoast-seo-premium-wordpress\/ -->\n<title>Butiker f\u00e5r r\u00e4tt att inf\u00f6ra ransonering vid exceptionella situationer - Svenska Magasinet<\/title>\n<meta name=\"robots\" content=\"noindex, follow, max-snippet:-1, max-image-preview:large, max-video-preview:-1\" \/>\n<meta property=\"og:locale\" content=\"sv_SE\" \/>\n<meta property=\"og:type\" content=\"article\" \/>\n<meta property=\"og:title\" content=\"Butiker f\u00e5r r\u00e4tt att inf\u00f6ra ransonering vid exceptionella situationer\" \/>\n<meta property=\"og:description\" content=\"Livsmedelskedjor f\u00e5r r\u00e4tt att inf\u00f6ra ransonering av varor d\u00e4r hush\u00e5ll f\u00e5r k\u00f6pa ett begr\u00e4nsat antal. Beslutet ing\u00e5r i det krispaket som regeringen utarbetat f\u00f6r att motverka att det kan uppst\u00e5 brist p\u00e5 basvaror. I dagsl\u00e4get finns det inget krav p\u00e5 ransonering. Men enligt ministerr\u00e5det f\u00e5r livsmedelskedjor m\u00f6jlighet att inf\u00f6ra ransonering g\u00e4ller vid exceptionella situationer. D\u00e5 [&hellip;]\" \/>\n<meta property=\"og:url\" content=\"https:\/\/lightweb.dev\/l\/svm-temp\/nyheter\/butiker-far-ratt-att-infora-ransonering-vid-exceptionella-situationer\/\" \/>\n<meta property=\"og:site_name\" content=\"Svenska Magasinet\" \/>\n<meta property=\"article:publisher\" content=\"https:\/\/www.facebook.com\/svenskamagasinet\" \/>\n<meta property=\"article:published_time\" content=\"2022-04-01T08:43:00+00:00\" \/>\n<meta property=\"og:image\" content=\"https:\/\/lightweb.dev\/l\/svm-temp\/wp-content\/uploads\/2022\/05\/butiker-far-ratt-att-infora-ransonering-vid-exceptionella-situationer.png\" \/>\n\t<meta property=\"og:image:width\" content=\"500\" \/>\n\t<meta property=\"og:image:height\" content=\"300\" \/>\n\t<meta property=\"og:image:type\" content=\"image\/png\" \/>\n<meta name=\"author\" content=\"Redaktionen SvM\" \/>\n<meta name=\"twitter:card\" content=\"summary_large_image\" \/>\n<meta name=\"twitter:creator\" content=\"@SvenskaMagasine\" \/>\n<meta name=\"twitter:site\" content=\"@SvenskaMagasine\" \/>\n<script type=\"application\/ld+json\" class=\"yoast-schema-graph\">{\"@context\":\"https:\\\/\\\/schema.org\",\"@graph\":[{\"@type\":\"Article\",\"@id\":\"https:\\\/\\\/lightweb.dev\\\/l\\\/svm-temp\\\/nyheter\\\/butiker-far-ratt-att-infora-ransonering-vid-exceptionella-situationer\\\/#article\",\"isPartOf\":{\"@id\":\"https:\\\/\\\/lightweb.dev\\\/l\\\/svm-temp\\\/nyheter\\\/butiker-far-ratt-att-infora-ransonering-vid-exceptionella-situationer\\\/\"},\"author\":{\"name\":\"Redaktionen SvM\",\"@id\":\"https:\\\/\\\/lightweb.dev\\\/l\\\/svm-temp\\\/#\\\/schema\\\/person\\\/206a3bda5b607b0c25e1749191e4d837\"},\"headline\":\"Butiker f\u00e5r r\u00e4tt att inf\u00f6ra ransonering vid exceptionella situationer\",\"datePublished\":\"2022-04-01T08:43:00+00:00\",\"mainEntityOfPage\":{\"@id\":\"https:\\\/\\\/lightweb.dev\\\/l\\\/svm-temp\\\/nyheter\\\/butiker-far-ratt-att-infora-ransonering-vid-exceptionella-situationer\\\/\"},\"wordCount\":215,\"commentCount\":0,\"publisher\":{\"@id\":\"https:\\\/\\\/lightweb.dev\\\/l\\\/svm-temp\\\/#organization\"},\"image\":{\"@id\":\"https:\\\/\\\/lightweb.dev\\\/l\\\/svm-temp\\\/nyheter\\\/butiker-far-ratt-att-infora-ransonering-vid-exceptionella-situationer\\\/#primaryimage\"},\"thumbnailUrl\":\"https:\\\/\\\/lightweb.dev\\\/l\\\/svm-temp\\\/wp-content\\\/uploads\\\/2022\\\/05\\\/butiker-far-ratt-att-infora-ransonering-vid-exceptionella-situationer.png\",\"articleSection\":[\"Arkiv\",\"Nyheter\"],\"inLanguage\":\"sv-SE\"},{\"@type\":\"WebPage\",\"@id\":\"https:\\\/\\\/lightweb.dev\\\/l\\\/svm-temp\\\/nyheter\\\/butiker-far-ratt-att-infora-ransonering-vid-exceptionella-situationer\\\/\",\"url\":\"https:\\\/\\\/lightweb.dev\\\/l\\\/svm-temp\\\/nyheter\\\/butiker-far-ratt-att-infora-ransonering-vid-exceptionella-situationer\\\/\",\"name\":\"Butiker f\u00e5r r\u00e4tt att inf\u00f6ra ransonering vid exceptionella situationer - Svenska Magasinet\",\"isPartOf\":{\"@id\":\"https:\\\/\\\/lightweb.dev\\\/l\\\/svm-temp\\\/#website\"},\"primaryImageOfPage\":{\"@id\":\"https:\\\/\\\/lightweb.dev\\\/l\\\/svm-temp\\\/nyheter\\\/butiker-far-ratt-att-infora-ransonering-vid-exceptionella-situationer\\\/#primaryimage\"},\"image\":{\"@id\":\"https:\\\/\\\/lightweb.dev\\\/l\\\/svm-temp\\\/nyheter\\\/butiker-far-ratt-att-infora-ransonering-vid-exceptionella-situationer\\\/#primaryimage\"},\"thumbnailUrl\":\"https:\\\/\\\/lightweb.dev\\\/l\\\/svm-temp\\\/wp-content\\\/uploads\\\/2022\\\/05\\\/butiker-far-ratt-att-infora-ransonering-vid-exceptionella-situationer.png\",\"datePublished\":\"2022-04-01T08:43:00+00:00\",\"breadcrumb\":{\"@id\":\"https:\\\/\\\/lightweb.dev\\\/l\\\/svm-temp\\\/nyheter\\\/butiker-far-ratt-att-infora-ransonering-vid-exceptionella-situationer\\\/#breadcrumb\"},\"inLanguage\":\"sv-SE\",\"potentialAction\":[{\"@type\":\"ReadAction\",\"target\":[\"https:\\\/\\\/lightweb.dev\\\/l\\\/svm-temp\\\/nyheter\\\/butiker-far-ratt-att-infora-ransonering-vid-exceptionella-situationer\\\/\"]}]},{\"@type\":\"ImageObject\",\"inLanguage\":\"sv-SE\",\"@id\":\"https:\\\/\\\/lightweb.dev\\\/l\\\/svm-temp\\\/nyheter\\\/butiker-far-ratt-att-infora-ransonering-vid-exceptionella-situationer\\\/#primaryimage\",\"url\":\"https:\\\/\\\/lightweb.dev\\\/l\\\/svm-temp\\\/wp-content\\\/uploads\\\/2022\\\/05\\\/butiker-far-ratt-att-infora-ransonering-vid-exceptionella-situationer.png\",\"contentUrl\":\"https:\\\/\\\/lightweb.dev\\\/l\\\/svm-temp\\\/wp-content\\\/uploads\\\/2022\\\/05\\\/butiker-far-ratt-att-infora-ransonering-vid-exceptionella-situationer.png\",\"width\":500,\"height\":300},{\"@type\":\"BreadcrumbList\",\"@id\":\"https:\\\/\\\/lightweb.dev\\\/l\\\/svm-temp\\\/nyheter\\\/butiker-far-ratt-att-infora-ransonering-vid-exceptionella-situationer\\\/#breadcrumb\",\"itemListElement\":[{\"@type\":\"ListItem\",\"position\":1,\"name\":\"Hem\",\"item\":\"https:\\\/\\\/lightweb.dev\\\/l\\\/svm-temp\\\/\"},{\"@type\":\"ListItem\",\"position\":2,\"name\":\"Butiker f\u00e5r r\u00e4tt att inf\u00f6ra ransonering vid exceptionella situationer\"}]},{\"@type\":\"WebSite\",\"@id\":\"https:\\\/\\\/lightweb.dev\\\/l\\\/svm-temp\\\/#website\",\"url\":\"https:\\\/\\\/lightweb.dev\\\/l\\\/svm-temp\\\/\",\"name\":\"Svenska Magasinet\",\"description\":\"Dina Spanska nyheter p&aring; Svenska\",\"publisher\":{\"@id\":\"https:\\\/\\\/lightweb.dev\\\/l\\\/svm-temp\\\/#organization\"},\"potentialAction\":[{\"@type\":\"SearchAction\",\"target\":{\"@type\":\"EntryPoint\",\"urlTemplate\":\"https:\\\/\\\/lightweb.dev\\\/l\\\/svm-temp\\\/?s={search_term_string}\"},\"query-input\":{\"@type\":\"PropertyValueSpecification\",\"valueRequired\":true,\"valueName\":\"search_term_string\"}}],\"inLanguage\":\"sv-SE\"},{\"@type\":\"Organization\",\"@id\":\"https:\\\/\\\/lightweb.dev\\\/l\\\/svm-temp\\\/#organization\",\"name\":\"Melkerson y Nott SL\",\"alternateName\":\"Svenska Magasinet\",\"url\":\"https:\\\/\\\/lightweb.dev\\\/l\\\/svm-temp\\\/\",\"logo\":{\"@type\":\"ImageObject\",\"inLanguage\":\"sv-SE\",\"@id\":\"https:\\\/\\\/lightweb.dev\\\/l\\\/svm-temp\\\/#\\\/schema\\\/logo\\\/image\\\/\",\"url\":\"https:\\\/\\\/lightweb.dev\\\/l\\\/svm-temp\\\/wp-content\\\/uploads\\\/2025\\\/02\\\/SvM-logo-Xtra-Centrerad-SVART.png\",\"contentUrl\":\"https:\\\/\\\/lightweb.dev\\\/l\\\/svm-temp\\\/wp-content\\\/uploads\\\/2025\\\/02\\\/SvM-logo-Xtra-Centrerad-SVART.png\",\"width\":300,\"height\":99,\"caption\":\"Melkerson y Nott SL\"},\"image\":{\"@id\":\"https:\\\/\\\/lightweb.dev\\\/l\\\/svm-temp\\\/#\\\/schema\\\/logo\\\/image\\\/\"},\"sameAs\":[\"https:\\\/\\\/www.facebook.com\\\/svenskamagasinet\",\"https:\\\/\\\/x.com\\\/SvenskaMagasine\"]},{\"@type\":\"Person\",\"@id\":\"https:\\\/\\\/lightweb.dev\\\/l\\\/svm-temp\\\/#\\\/schema\\\/person\\\/206a3bda5b607b0c25e1749191e4d837\",\"name\":\"Redaktionen SvM\",\"description\":\"Redaktionen\",\"sameAs\":[\"https:\\\/\\\/lightweb.dev\\\/l\\\/svm-temp\"],\"url\":\"https:\\\/\\\/lightweb.dev\\\/l\\\/svm-temp\\\/reporter\\\/redaktionen\\\/\"}]}<\/script>\n<!-- \/ Yoast SEO Premium plugin. -->","yoast_head_json":{"title":"Butiker f\u00e5r r\u00e4tt att inf\u00f6ra ransonering vid exceptionella situationer - Svenska Magasinet","robots":{"index":"noindex","follow":"follow","max-snippet":"max-snippet:-1","max-image-preview":"max-image-preview:large","max-video-preview":"max-video-preview:-1"},"og_locale":"sv_SE","og_type":"article","og_title":"Butiker f\u00e5r r\u00e4tt att inf\u00f6ra ransonering vid exceptionella situationer","og_description":"Livsmedelskedjor f\u00e5r r\u00e4tt att inf\u00f6ra ransonering av varor d\u00e4r hush\u00e5ll f\u00e5r k\u00f6pa ett begr\u00e4nsat antal. Beslutet ing\u00e5r i det krispaket som regeringen utarbetat f\u00f6r att motverka att det kan uppst\u00e5 brist p\u00e5 basvaror. I dagsl\u00e4get finns det inget krav p\u00e5 ransonering. Men enligt ministerr\u00e5det f\u00e5r livsmedelskedjor m\u00f6jlighet att inf\u00f6ra ransonering g\u00e4ller vid exceptionella situationer. D\u00e5 [&hellip;]","og_url":"https:\/\/lightweb.dev\/l\/svm-temp\/nyheter\/butiker-far-ratt-att-infora-ransonering-vid-exceptionella-situationer\/","og_site_name":"Svenska Magasinet","article_publisher":"https:\/\/www.facebook.com\/svenskamagasinet","article_published_time":"2022-04-01T08:43:00+00:00","og_image":[{"width":500,"height":300,"url":"https:\/\/lightweb.dev\/l\/svm-temp\/wp-content\/uploads\/2022\/05\/butiker-far-ratt-att-infora-ransonering-vid-exceptionella-situationer.png","type":"image\/png"}],"author":"Redaktionen SvM","twitter_card":"summary_large_image","twitter_creator":"@SvenskaMagasine","twitter_site":"@SvenskaMagasine","schema":{"@context":"https:\/\/schema.org","@graph":[{"@type":"Article","@id":"https:\/\/lightweb.dev\/l\/svm-temp\/nyheter\/butiker-far-ratt-att-infora-ransonering-vid-exceptionella-situationer\/#article","isPartOf":{"@id":"https:\/\/lightweb.dev\/l\/svm-temp\/nyheter\/butiker-far-ratt-att-infora-ransonering-vid-exceptionella-situationer\/"},"author":{"name":"Redaktionen SvM","@id":"https:\/\/lightweb.dev\/l\/svm-temp\/#\/schema\/person\/206a3bda5b607b0c25e1749191e4d837"},"headline":"Butiker f\u00e5r r\u00e4tt att inf\u00f6ra ransonering vid exceptionella situationer","datePublished":"2022-04-01T08:43:00+00:00","mainEntityOfPage":{"@id":"https:\/\/lightweb.dev\/l\/svm-temp\/nyheter\/butiker-far-ratt-att-infora-ransonering-vid-exceptionella-situationer\/"},"wordCount":215,"commentCount":0,"publisher":{"@id":"https:\/\/lightweb.dev\/l\/svm-temp\/#organization"},"image":{"@id":"https:\/\/lightweb.dev\/l\/svm-temp\/nyheter\/butiker-far-ratt-att-infora-ransonering-vid-exceptionella-situationer\/#primaryimage"},"thumbnailUrl":"https:\/\/lightweb.dev\/l\/svm-temp\/wp-content\/uploads\/2022\/05\/butiker-far-ratt-att-infora-ransonering-vid-exceptionella-situationer.png","articleSection":["Arkiv","Nyheter"],"inLanguage":"sv-SE"},{"@type":"WebPage","@id":"https:\/\/lightweb.dev\/l\/svm-temp\/nyheter\/butiker-far-ratt-att-infora-ransonering-vid-exceptionella-situationer\/","url":"https:\/\/lightweb.dev\/l\/svm-temp\/nyheter\/butiker-far-ratt-att-infora-ransonering-vid-exceptionella-situationer\/","name":"Butiker f\u00e5r r\u00e4tt att inf\u00f6ra ransonering vid exceptionella situationer - Svenska Magasinet","isPartOf":{"@id":"https:\/\/lightweb.dev\/l\/svm-temp\/#website"},"primaryImageOfPage":{"@id":"https:\/\/lightweb.dev\/l\/svm-temp\/nyheter\/butiker-far-ratt-att-infora-ransonering-vid-exceptionella-situationer\/#primaryimage"},"image":{"@id":"https:\/\/lightweb.dev\/l\/svm-temp\/nyheter\/butiker-far-ratt-att-infora-ransonering-vid-exceptionella-situationer\/#primaryimage"},"thumbnailUrl":"https:\/\/lightweb.dev\/l\/svm-temp\/wp-content\/uploads\/2022\/05\/butiker-far-ratt-att-infora-ransonering-vid-exceptionella-situationer.png","datePublished":"2022-04-01T08:43:00+00:00","breadcrumb":{"@id":"https:\/\/lightweb.dev\/l\/svm-temp\/nyheter\/butiker-far-ratt-att-infora-ransonering-vid-exceptionella-situationer\/#breadcrumb"},"inLanguage":"sv-SE","potentialAction":[{"@type":"ReadAction","target":["https:\/\/lightweb.dev\/l\/svm-temp\/nyheter\/butiker-far-ratt-att-infora-ransonering-vid-exceptionella-situationer\/"]}]},{"@type":"ImageObject","inLanguage":"sv-SE","@id":"https:\/\/lightweb.dev\/l\/svm-temp\/nyheter\/butiker-far-ratt-att-infora-ransonering-vid-exceptionella-situationer\/#primaryimage","url":"https:\/\/lightweb.dev\/l\/svm-temp\/wp-content\/uploads\/2022\/05\/butiker-far-ratt-att-infora-ransonering-vid-exceptionella-situationer.png","contentUrl":"https:\/\/lightweb.dev\/l\/svm-temp\/wp-content\/uploads\/2022\/05\/butiker-far-ratt-att-infora-ransonering-vid-exceptionella-situationer.png","width":500,"height":300},{"@type":"BreadcrumbList","@id":"https:\/\/lightweb.dev\/l\/svm-temp\/nyheter\/butiker-far-ratt-att-infora-ransonering-vid-exceptionella-situationer\/#breadcrumb","itemListElement":[{"@type":"ListItem","position":1,"name":"Hem","item":"https:\/\/lightweb.dev\/l\/svm-temp\/"},{"@type":"ListItem","position":2,"name":"Butiker f\u00e5r r\u00e4tt att inf\u00f6ra ransonering vid exceptionella situationer"}]},{"@type":"WebSite","@id":"https:\/\/lightweb.dev\/l\/svm-temp\/#website","url":"https:\/\/lightweb.dev\/l\/svm-temp\/","name":"Svenska Magasinet","description":"Dina Spanska nyheter p&aring; Svenska","publisher":{"@id":"https:\/\/lightweb.dev\/l\/svm-temp\/#organization"},"potentialAction":[{"@type":"SearchAction","target":{"@type":"EntryPoint","urlTemplate":"https:\/\/lightweb.dev\/l\/svm-temp\/?s={search_term_string}"},"query-input":{"@type":"PropertyValueSpecification","valueRequired":true,"valueName":"search_term_string"}}],"inLanguage":"sv-SE"},{"@type":"Organization","@id":"https:\/\/lightweb.dev\/l\/svm-temp\/#organization","name":"Melkerson y Nott SL","alternateName":"Svenska Magasinet","url":"https:\/\/lightweb.dev\/l\/svm-temp\/","logo":{"@type":"ImageObject","inLanguage":"sv-SE","@id":"https:\/\/lightweb.dev\/l\/svm-temp\/#\/schema\/logo\/image\/","url":"https:\/\/lightweb.dev\/l\/svm-temp\/wp-content\/uploads\/2025\/02\/SvM-logo-Xtra-Centrerad-SVART.png","contentUrl":"https:\/\/lightweb.dev\/l\/svm-temp\/wp-content\/uploads\/2025\/02\/SvM-logo-Xtra-Centrerad-SVART.png","width":300,"height":99,"caption":"Melkerson y Nott SL"},"image":{"@id":"https:\/\/lightweb.dev\/l\/svm-temp\/#\/schema\/logo\/image\/"},"sameAs":["https:\/\/www.facebook.com\/svenskamagasinet","https:\/\/x.com\/SvenskaMagasine"]},{"@type":"Person","@id":"https:\/\/lightweb.dev\/l\/svm-temp\/#\/schema\/person\/206a3bda5b607b0c25e1749191e4d837","name":"Redaktionen SvM","description":"Redaktionen","sameAs":["https:\/\/lightweb.dev\/l\/svm-temp"],"url":"https:\/\/lightweb.dev\/l\/svm-temp\/reporter\/redaktionen\/"}]}},"_links":{"self":[{"href":"https:\/\/lightweb.dev\/l\/svm-temp\/wp-json\/wp\/v2\/posts\/9706","targetHints":{"allow":["GET"]}}],"collection":[{"href":"https:\/\/lightweb.dev\/l\/svm-temp\/wp-json\/wp\/v2\/posts"}],"about":[{"href":"https:\/\/lightweb.dev\/l\/svm-temp\/wp-json\/wp\/v2\/types\/post"}],"author":[{"embeddable":true,"href":"https:\/\/lightweb.dev\/l\/svm-temp\/wp-json\/wp\/v2\/users\/8"}],"replies":[{"embeddable":true,"href":"https:\/\/lightweb.dev\/l\/svm-temp\/wp-json\/wp\/v2\/comments?post=9706"}],"version-history":[{"count":0,"href":"https:\/\/lightweb.dev\/l\/svm-temp\/wp-json\/wp\/v2\/posts\/9706\/revisions"}],"wp:featuredmedia":[{"embeddable":true,"href":"https:\/\/lightweb.dev\/l\/svm-temp\/wp-json\/wp\/v2\/media\/9707"}],"wp:attachment":[{"href":"https:\/\/lightweb.dev\/l\/svm-temp\/wp-json\/wp\/v2\/media?parent=9706"}],"wp:term":[{"taxonomy":"category","embeddable":true,"href":"https:\/\/lightweb.dev\/l\/svm-temp\/wp-json\/wp\/v2\/categories?post=9706"},{"taxonomy":"post_tag","embeddable":true,"href":"https:\/\/lightweb.dev\/l\/svm-temp\/wp-json\/wp\/v2\/tags?post=9706"}],"curies":[{"name":"wp","href":"https:\/\/api.w.org\/{rel}","templated":true}]}}