{"id":9710,"date":"2022-04-01T15:26:00","date_gmt":"2022-04-01T13:26:00","guid":{"rendered":"https:\/\/lightweb.dev\/l\/svm-temp\/misstanks-fort-minderariga-fran-ukraina-till-solkusten-for-prostitution\/"},"modified":"2022-04-01T15:26:00","modified_gmt":"2022-04-01T13:26:00","slug":"misstanks-fort-minderariga-fran-ukraina-till-solkusten-for-prostitution","status":"publish","type":"post","link":"https:\/\/lightweb.dev\/l\/svm-temp\/nyheter\/misstanks-fort-minderariga-fran-ukraina-till-solkusten-for-prostitution\/","title":{"rendered":"Misst\u00e4nks f\u00f6rt minder\u00e5riga fr\u00e5n Ukraina till Solkusten f\u00f6r prostitution"},"content":{"rendered":"<p> Nationalpolisen har gripit en 40-\u00e5rig man fr\u00e5n Ukraina som reste med tv\u00e5 minder\u00e5riga flickor, 15 och 16 \u00e5r gamla. Mannen som greps p\u00e5 Madrids s\u00f6dra busstation \u00e4r misst\u00e4nkt f\u00f6r m\u00e4nniskohandel och bortf\u00f6rande av barn. Vid f\u00f6rh\u00f6r har det framkommit uppgifter om att flickorna skulle tvingas till prostitution p\u00e5 Solkusten.<br \/>\n Det var en medresen\u00e4r som reste fr\u00e5n Warszawa som fattade misstankar och ringde polisen.<\/p>\n<p>Mannen \u00e4r ukrainsk medborgare och var vid gripandet aggressiv och f\u00f6rs\u00f6kte ge sig p\u00e5 en av poliserna. Han uppgav sig vara flickornas farbror, och att flickorna var systrar.<\/p>\n<p>Men mannens efternamn st\u00e4mde inte med n\u00e5gon av flickorna, det fanns inte heller n\u00e5gon identifikation som styrkte sl\u00e4ktskapet.<\/p>\n<p>N\u00e4r polisen unders\u00f6kte flickornas resv\u00e4ska inneh\u00f6ll den l\u00e4ttare kl\u00e4der och en stor m\u00e4ngd kosmetika. I mannens bagage fann polisen smycken, 4.300 euro i kontanter och droger, uppger Diario SUR.<\/p>\n<p>Vid det inledande f\u00f6rh\u00f6ret med flickorna framkom det motstridiga uppgifter. \u00c4ven att flickorna inte var sl\u00e4kt med varandra och inte heller med mannen.<\/p>\n<p>I st\u00e4llet framkom det att den ena flickan hade en n\u00e4ra relation med mannen och den andra flickan hade \u00f6vertygats om att l\u00e4mna Ukraina, b\u00e5da mot f\u00f6r\u00e4ldrarnas vilja, som misst\u00e4nkte vilka avsikter mannen hade.<\/p>\n<p>Den gripne som \u00e4r i 40-\u00e5rs\u00e5ldern \u00e4r misst\u00e4nkt f\u00f6r m\u00e4nniskohandel och bortf\u00f6rande av barn. De b\u00e5da flickorna har \u00f6verl\u00e4mnats till sociala myndigheter som \u00e4r specialiserade p\u00e5 offer f\u00f6r m\u00e4nniskohandel, skriver dagstidningen ABC.<\/p>\n<p>Nationalpolisen p\u00e5minner om telefonnumret 900 105 090 och e-postadressen trata@policia.es d\u00e4r allm\u00e4nheten kan l\u00e4mna tips hela dygnet om misst\u00e4nkta fall med m\u00e4nniskohandel.<\/p>\n","protected":false},"excerpt":{"rendered":"<p>Nationalpolisen har gripit en 40-\u00e5rig man fr\u00e5n Ukraina som reste med tv\u00e5 minder\u00e5riga flickor, 15 och 16 \u00e5r gamla. Mannen som greps p\u00e5 Madrids s\u00f6dra busstation \u00e4r misst\u00e4nkt f\u00f6r m\u00e4nniskohandel och bortf\u00f6rande av barn. Vid f\u00f6rh\u00f6r har det framkommit uppgifter om att flickorna skulle tvingas till prostitution p\u00e5 Solkusten. Det var en medresen\u00e4r som reste [&hellip;]<\/p>\n","protected":false},"author":8,"featured_media":9711,"comment_status":"open","ping_status":"open","sticky":false,"template":"","format":"standard","meta":{"_et_pb_use_builder":"","_et_pb_old_content":"","_et_gb_content_width":"","footnotes":""},"categories":[395,3],"tags":[],"class_list":["post-9710","post","type-post","status-publish","format-standard","has-post-thumbnail","hentry","category-arkiv-nyheter","category-nyheter"],"yoast_head":"<!-- This site is optimized with the Yoast SEO Premium plugin v26.2 (Yoast SEO v27.4) - https:\/\/yoast.com\/product\/yoast-seo-premium-wordpress\/ -->\n<title>Misst\u00e4nks f\u00f6rt minder\u00e5riga fr\u00e5n Ukraina till Solkusten f\u00f6r prostitution - Svenska Magasinet<\/title>\n<meta name=\"robots\" content=\"noindex, follow, max-snippet:-1, max-image-preview:large, max-video-preview:-1\" \/>\n<meta property=\"og:locale\" content=\"sv_SE\" \/>\n<meta property=\"og:type\" content=\"article\" \/>\n<meta property=\"og:title\" content=\"Misst\u00e4nks f\u00f6rt minder\u00e5riga fr\u00e5n Ukraina till Solkusten f\u00f6r prostitution\" \/>\n<meta property=\"og:description\" content=\"Nationalpolisen har gripit en 40-\u00e5rig man fr\u00e5n Ukraina som reste med tv\u00e5 minder\u00e5riga flickor, 15 och 16 \u00e5r gamla. Mannen som greps p\u00e5 Madrids s\u00f6dra busstation \u00e4r misst\u00e4nkt f\u00f6r m\u00e4nniskohandel och bortf\u00f6rande av barn. Vid f\u00f6rh\u00f6r har det framkommit uppgifter om att flickorna skulle tvingas till prostitution p\u00e5 Solkusten. Det var en medresen\u00e4r som reste [&hellip;]\" \/>\n<meta property=\"og:url\" content=\"https:\/\/lightweb.dev\/l\/svm-temp\/nyheter\/misstanks-fort-minderariga-fran-ukraina-till-solkusten-for-prostitution\/\" \/>\n<meta property=\"og:site_name\" content=\"Svenska Magasinet\" \/>\n<meta property=\"article:publisher\" content=\"https:\/\/www.facebook.com\/svenskamagasinet\" \/>\n<meta property=\"article:published_time\" content=\"2022-04-01T13:26:00+00:00\" \/>\n<meta property=\"og:image\" content=\"https:\/\/lightweb.dev\/l\/svm-temp\/wp-content\/uploads\/2022\/05\/misstanks-fort-minderariga-fran-ukraina-till-solkusten-for-prostitution.png\" \/>\n\t<meta property=\"og:image:width\" content=\"500\" \/>\n\t<meta property=\"og:image:height\" content=\"300\" \/>\n\t<meta property=\"og:image:type\" content=\"image\/png\" \/>\n<meta name=\"author\" content=\"Redaktionen SvM\" \/>\n<meta name=\"twitter:card\" content=\"summary_large_image\" \/>\n<meta name=\"twitter:creator\" content=\"@SvenskaMagasine\" \/>\n<meta name=\"twitter:site\" content=\"@SvenskaMagasine\" \/>\n<script type=\"application\/ld+json\" class=\"yoast-schema-graph\">{\"@context\":\"https:\\\/\\\/schema.org\",\"@graph\":[{\"@type\":\"Article\",\"@id\":\"https:\\\/\\\/lightweb.dev\\\/l\\\/svm-temp\\\/nyheter\\\/misstanks-fort-minderariga-fran-ukraina-till-solkusten-for-prostitution\\\/#article\",\"isPartOf\":{\"@id\":\"https:\\\/\\\/lightweb.dev\\\/l\\\/svm-temp\\\/nyheter\\\/misstanks-fort-minderariga-fran-ukraina-till-solkusten-for-prostitution\\\/\"},\"author\":{\"name\":\"Redaktionen SvM\",\"@id\":\"https:\\\/\\\/lightweb.dev\\\/l\\\/svm-temp\\\/#\\\/schema\\\/person\\\/206a3bda5b607b0c25e1749191e4d837\"},\"headline\":\"Misst\u00e4nks f\u00f6rt minder\u00e5riga fr\u00e5n Ukraina till Solkusten f\u00f6r prostitution\",\"datePublished\":\"2022-04-01T13:26:00+00:00\",\"mainEntityOfPage\":{\"@id\":\"https:\\\/\\\/lightweb.dev\\\/l\\\/svm-temp\\\/nyheter\\\/misstanks-fort-minderariga-fran-ukraina-till-solkusten-for-prostitution\\\/\"},\"wordCount\":310,\"commentCount\":0,\"publisher\":{\"@id\":\"https:\\\/\\\/lightweb.dev\\\/l\\\/svm-temp\\\/#organization\"},\"image\":{\"@id\":\"https:\\\/\\\/lightweb.dev\\\/l\\\/svm-temp\\\/nyheter\\\/misstanks-fort-minderariga-fran-ukraina-till-solkusten-for-prostitution\\\/#primaryimage\"},\"thumbnailUrl\":\"https:\\\/\\\/lightweb.dev\\\/l\\\/svm-temp\\\/wp-content\\\/uploads\\\/2022\\\/05\\\/misstanks-fort-minderariga-fran-ukraina-till-solkusten-for-prostitution.png\",\"articleSection\":[\"Arkiv\",\"Nyheter\"],\"inLanguage\":\"sv-SE\"},{\"@type\":\"WebPage\",\"@id\":\"https:\\\/\\\/lightweb.dev\\\/l\\\/svm-temp\\\/nyheter\\\/misstanks-fort-minderariga-fran-ukraina-till-solkusten-for-prostitution\\\/\",\"url\":\"https:\\\/\\\/lightweb.dev\\\/l\\\/svm-temp\\\/nyheter\\\/misstanks-fort-minderariga-fran-ukraina-till-solkusten-for-prostitution\\\/\",\"name\":\"Misst\u00e4nks f\u00f6rt minder\u00e5riga fr\u00e5n Ukraina till Solkusten f\u00f6r prostitution - Svenska Magasinet\",\"isPartOf\":{\"@id\":\"https:\\\/\\\/lightweb.dev\\\/l\\\/svm-temp\\\/#website\"},\"primaryImageOfPage\":{\"@id\":\"https:\\\/\\\/lightweb.dev\\\/l\\\/svm-temp\\\/nyheter\\\/misstanks-fort-minderariga-fran-ukraina-till-solkusten-for-prostitution\\\/#primaryimage\"},\"image\":{\"@id\":\"https:\\\/\\\/lightweb.dev\\\/l\\\/svm-temp\\\/nyheter\\\/misstanks-fort-minderariga-fran-ukraina-till-solkusten-for-prostitution\\\/#primaryimage\"},\"thumbnailUrl\":\"https:\\\/\\\/lightweb.dev\\\/l\\\/svm-temp\\\/wp-content\\\/uploads\\\/2022\\\/05\\\/misstanks-fort-minderariga-fran-ukraina-till-solkusten-for-prostitution.png\",\"datePublished\":\"2022-04-01T13:26:00+00:00\",\"breadcrumb\":{\"@id\":\"https:\\\/\\\/lightweb.dev\\\/l\\\/svm-temp\\\/nyheter\\\/misstanks-fort-minderariga-fran-ukraina-till-solkusten-for-prostitution\\\/#breadcrumb\"},\"inLanguage\":\"sv-SE\",\"potentialAction\":[{\"@type\":\"ReadAction\",\"target\":[\"https:\\\/\\\/lightweb.dev\\\/l\\\/svm-temp\\\/nyheter\\\/misstanks-fort-minderariga-fran-ukraina-till-solkusten-for-prostitution\\\/\"]}]},{\"@type\":\"ImageObject\",\"inLanguage\":\"sv-SE\",\"@id\":\"https:\\\/\\\/lightweb.dev\\\/l\\\/svm-temp\\\/nyheter\\\/misstanks-fort-minderariga-fran-ukraina-till-solkusten-for-prostitution\\\/#primaryimage\",\"url\":\"https:\\\/\\\/lightweb.dev\\\/l\\\/svm-temp\\\/wp-content\\\/uploads\\\/2022\\\/05\\\/misstanks-fort-minderariga-fran-ukraina-till-solkusten-for-prostitution.png\",\"contentUrl\":\"https:\\\/\\\/lightweb.dev\\\/l\\\/svm-temp\\\/wp-content\\\/uploads\\\/2022\\\/05\\\/misstanks-fort-minderariga-fran-ukraina-till-solkusten-for-prostitution.png\",\"width\":500,\"height\":300},{\"@type\":\"BreadcrumbList\",\"@id\":\"https:\\\/\\\/lightweb.dev\\\/l\\\/svm-temp\\\/nyheter\\\/misstanks-fort-minderariga-fran-ukraina-till-solkusten-for-prostitution\\\/#breadcrumb\",\"itemListElement\":[{\"@type\":\"ListItem\",\"position\":1,\"name\":\"Hem\",\"item\":\"https:\\\/\\\/lightweb.dev\\\/l\\\/svm-temp\\\/\"},{\"@type\":\"ListItem\",\"position\":2,\"name\":\"Misst\u00e4nks f\u00f6rt minder\u00e5riga fr\u00e5n Ukraina till Solkusten f\u00f6r prostitution\"}]},{\"@type\":\"WebSite\",\"@id\":\"https:\\\/\\\/lightweb.dev\\\/l\\\/svm-temp\\\/#website\",\"url\":\"https:\\\/\\\/lightweb.dev\\\/l\\\/svm-temp\\\/\",\"name\":\"Svenska Magasinet\",\"description\":\"Dina Spanska nyheter p&aring; Svenska\",\"publisher\":{\"@id\":\"https:\\\/\\\/lightweb.dev\\\/l\\\/svm-temp\\\/#organization\"},\"potentialAction\":[{\"@type\":\"SearchAction\",\"target\":{\"@type\":\"EntryPoint\",\"urlTemplate\":\"https:\\\/\\\/lightweb.dev\\\/l\\\/svm-temp\\\/?s={search_term_string}\"},\"query-input\":{\"@type\":\"PropertyValueSpecification\",\"valueRequired\":true,\"valueName\":\"search_term_string\"}}],\"inLanguage\":\"sv-SE\"},{\"@type\":\"Organization\",\"@id\":\"https:\\\/\\\/lightweb.dev\\\/l\\\/svm-temp\\\/#organization\",\"name\":\"Melkerson y Nott SL\",\"alternateName\":\"Svenska Magasinet\",\"url\":\"https:\\\/\\\/lightweb.dev\\\/l\\\/svm-temp\\\/\",\"logo\":{\"@type\":\"ImageObject\",\"inLanguage\":\"sv-SE\",\"@id\":\"https:\\\/\\\/lightweb.dev\\\/l\\\/svm-temp\\\/#\\\/schema\\\/logo\\\/image\\\/\",\"url\":\"https:\\\/\\\/lightweb.dev\\\/l\\\/svm-temp\\\/wp-content\\\/uploads\\\/2025\\\/02\\\/SvM-logo-Xtra-Centrerad-SVART.png\",\"contentUrl\":\"https:\\\/\\\/lightweb.dev\\\/l\\\/svm-temp\\\/wp-content\\\/uploads\\\/2025\\\/02\\\/SvM-logo-Xtra-Centrerad-SVART.png\",\"width\":300,\"height\":99,\"caption\":\"Melkerson y Nott SL\"},\"image\":{\"@id\":\"https:\\\/\\\/lightweb.dev\\\/l\\\/svm-temp\\\/#\\\/schema\\\/logo\\\/image\\\/\"},\"sameAs\":[\"https:\\\/\\\/www.facebook.com\\\/svenskamagasinet\",\"https:\\\/\\\/x.com\\\/SvenskaMagasine\"]},{\"@type\":\"Person\",\"@id\":\"https:\\\/\\\/lightweb.dev\\\/l\\\/svm-temp\\\/#\\\/schema\\\/person\\\/206a3bda5b607b0c25e1749191e4d837\",\"name\":\"Redaktionen SvM\",\"description\":\"Redaktionen\",\"sameAs\":[\"https:\\\/\\\/lightweb.dev\\\/l\\\/svm-temp\"],\"url\":\"https:\\\/\\\/lightweb.dev\\\/l\\\/svm-temp\\\/reporter\\\/redaktionen\\\/\"}]}<\/script>\n<!-- \/ Yoast SEO Premium plugin. -->","yoast_head_json":{"title":"Misst\u00e4nks f\u00f6rt minder\u00e5riga fr\u00e5n Ukraina till Solkusten f\u00f6r prostitution - Svenska Magasinet","robots":{"index":"noindex","follow":"follow","max-snippet":"max-snippet:-1","max-image-preview":"max-image-preview:large","max-video-preview":"max-video-preview:-1"},"og_locale":"sv_SE","og_type":"article","og_title":"Misst\u00e4nks f\u00f6rt minder\u00e5riga fr\u00e5n Ukraina till Solkusten f\u00f6r prostitution","og_description":"Nationalpolisen har gripit en 40-\u00e5rig man fr\u00e5n Ukraina som reste med tv\u00e5 minder\u00e5riga flickor, 15 och 16 \u00e5r gamla. Mannen som greps p\u00e5 Madrids s\u00f6dra busstation \u00e4r misst\u00e4nkt f\u00f6r m\u00e4nniskohandel och bortf\u00f6rande av barn. Vid f\u00f6rh\u00f6r har det framkommit uppgifter om att flickorna skulle tvingas till prostitution p\u00e5 Solkusten. Det var en medresen\u00e4r som reste [&hellip;]","og_url":"https:\/\/lightweb.dev\/l\/svm-temp\/nyheter\/misstanks-fort-minderariga-fran-ukraina-till-solkusten-for-prostitution\/","og_site_name":"Svenska Magasinet","article_publisher":"https:\/\/www.facebook.com\/svenskamagasinet","article_published_time":"2022-04-01T13:26:00+00:00","og_image":[{"width":500,"height":300,"url":"https:\/\/lightweb.dev\/l\/svm-temp\/wp-content\/uploads\/2022\/05\/misstanks-fort-minderariga-fran-ukraina-till-solkusten-for-prostitution.png","type":"image\/png"}],"author":"Redaktionen SvM","twitter_card":"summary_large_image","twitter_creator":"@SvenskaMagasine","twitter_site":"@SvenskaMagasine","schema":{"@context":"https:\/\/schema.org","@graph":[{"@type":"Article","@id":"https:\/\/lightweb.dev\/l\/svm-temp\/nyheter\/misstanks-fort-minderariga-fran-ukraina-till-solkusten-for-prostitution\/#article","isPartOf":{"@id":"https:\/\/lightweb.dev\/l\/svm-temp\/nyheter\/misstanks-fort-minderariga-fran-ukraina-till-solkusten-for-prostitution\/"},"author":{"name":"Redaktionen SvM","@id":"https:\/\/lightweb.dev\/l\/svm-temp\/#\/schema\/person\/206a3bda5b607b0c25e1749191e4d837"},"headline":"Misst\u00e4nks f\u00f6rt minder\u00e5riga fr\u00e5n Ukraina till Solkusten f\u00f6r prostitution","datePublished":"2022-04-01T13:26:00+00:00","mainEntityOfPage":{"@id":"https:\/\/lightweb.dev\/l\/svm-temp\/nyheter\/misstanks-fort-minderariga-fran-ukraina-till-solkusten-for-prostitution\/"},"wordCount":310,"commentCount":0,"publisher":{"@id":"https:\/\/lightweb.dev\/l\/svm-temp\/#organization"},"image":{"@id":"https:\/\/lightweb.dev\/l\/svm-temp\/nyheter\/misstanks-fort-minderariga-fran-ukraina-till-solkusten-for-prostitution\/#primaryimage"},"thumbnailUrl":"https:\/\/lightweb.dev\/l\/svm-temp\/wp-content\/uploads\/2022\/05\/misstanks-fort-minderariga-fran-ukraina-till-solkusten-for-prostitution.png","articleSection":["Arkiv","Nyheter"],"inLanguage":"sv-SE"},{"@type":"WebPage","@id":"https:\/\/lightweb.dev\/l\/svm-temp\/nyheter\/misstanks-fort-minderariga-fran-ukraina-till-solkusten-for-prostitution\/","url":"https:\/\/lightweb.dev\/l\/svm-temp\/nyheter\/misstanks-fort-minderariga-fran-ukraina-till-solkusten-for-prostitution\/","name":"Misst\u00e4nks f\u00f6rt minder\u00e5riga fr\u00e5n Ukraina till Solkusten f\u00f6r prostitution - Svenska Magasinet","isPartOf":{"@id":"https:\/\/lightweb.dev\/l\/svm-temp\/#website"},"primaryImageOfPage":{"@id":"https:\/\/lightweb.dev\/l\/svm-temp\/nyheter\/misstanks-fort-minderariga-fran-ukraina-till-solkusten-for-prostitution\/#primaryimage"},"image":{"@id":"https:\/\/lightweb.dev\/l\/svm-temp\/nyheter\/misstanks-fort-minderariga-fran-ukraina-till-solkusten-for-prostitution\/#primaryimage"},"thumbnailUrl":"https:\/\/lightweb.dev\/l\/svm-temp\/wp-content\/uploads\/2022\/05\/misstanks-fort-minderariga-fran-ukraina-till-solkusten-for-prostitution.png","datePublished":"2022-04-01T13:26:00+00:00","breadcrumb":{"@id":"https:\/\/lightweb.dev\/l\/svm-temp\/nyheter\/misstanks-fort-minderariga-fran-ukraina-till-solkusten-for-prostitution\/#breadcrumb"},"inLanguage":"sv-SE","potentialAction":[{"@type":"ReadAction","target":["https:\/\/lightweb.dev\/l\/svm-temp\/nyheter\/misstanks-fort-minderariga-fran-ukraina-till-solkusten-for-prostitution\/"]}]},{"@type":"ImageObject","inLanguage":"sv-SE","@id":"https:\/\/lightweb.dev\/l\/svm-temp\/nyheter\/misstanks-fort-minderariga-fran-ukraina-till-solkusten-for-prostitution\/#primaryimage","url":"https:\/\/lightweb.dev\/l\/svm-temp\/wp-content\/uploads\/2022\/05\/misstanks-fort-minderariga-fran-ukraina-till-solkusten-for-prostitution.png","contentUrl":"https:\/\/lightweb.dev\/l\/svm-temp\/wp-content\/uploads\/2022\/05\/misstanks-fort-minderariga-fran-ukraina-till-solkusten-for-prostitution.png","width":500,"height":300},{"@type":"BreadcrumbList","@id":"https:\/\/lightweb.dev\/l\/svm-temp\/nyheter\/misstanks-fort-minderariga-fran-ukraina-till-solkusten-for-prostitution\/#breadcrumb","itemListElement":[{"@type":"ListItem","position":1,"name":"Hem","item":"https:\/\/lightweb.dev\/l\/svm-temp\/"},{"@type":"ListItem","position":2,"name":"Misst\u00e4nks f\u00f6rt minder\u00e5riga fr\u00e5n Ukraina till Solkusten f\u00f6r prostitution"}]},{"@type":"WebSite","@id":"https:\/\/lightweb.dev\/l\/svm-temp\/#website","url":"https:\/\/lightweb.dev\/l\/svm-temp\/","name":"Svenska Magasinet","description":"Dina Spanska nyheter p&aring; Svenska","publisher":{"@id":"https:\/\/lightweb.dev\/l\/svm-temp\/#organization"},"potentialAction":[{"@type":"SearchAction","target":{"@type":"EntryPoint","urlTemplate":"https:\/\/lightweb.dev\/l\/svm-temp\/?s={search_term_string}"},"query-input":{"@type":"PropertyValueSpecification","valueRequired":true,"valueName":"search_term_string"}}],"inLanguage":"sv-SE"},{"@type":"Organization","@id":"https:\/\/lightweb.dev\/l\/svm-temp\/#organization","name":"Melkerson y Nott SL","alternateName":"Svenska Magasinet","url":"https:\/\/lightweb.dev\/l\/svm-temp\/","logo":{"@type":"ImageObject","inLanguage":"sv-SE","@id":"https:\/\/lightweb.dev\/l\/svm-temp\/#\/schema\/logo\/image\/","url":"https:\/\/lightweb.dev\/l\/svm-temp\/wp-content\/uploads\/2025\/02\/SvM-logo-Xtra-Centrerad-SVART.png","contentUrl":"https:\/\/lightweb.dev\/l\/svm-temp\/wp-content\/uploads\/2025\/02\/SvM-logo-Xtra-Centrerad-SVART.png","width":300,"height":99,"caption":"Melkerson y Nott SL"},"image":{"@id":"https:\/\/lightweb.dev\/l\/svm-temp\/#\/schema\/logo\/image\/"},"sameAs":["https:\/\/www.facebook.com\/svenskamagasinet","https:\/\/x.com\/SvenskaMagasine"]},{"@type":"Person","@id":"https:\/\/lightweb.dev\/l\/svm-temp\/#\/schema\/person\/206a3bda5b607b0c25e1749191e4d837","name":"Redaktionen SvM","description":"Redaktionen","sameAs":["https:\/\/lightweb.dev\/l\/svm-temp"],"url":"https:\/\/lightweb.dev\/l\/svm-temp\/reporter\/redaktionen\/"}]}},"_links":{"self":[{"href":"https:\/\/lightweb.dev\/l\/svm-temp\/wp-json\/wp\/v2\/posts\/9710","targetHints":{"allow":["GET"]}}],"collection":[{"href":"https:\/\/lightweb.dev\/l\/svm-temp\/wp-json\/wp\/v2\/posts"}],"about":[{"href":"https:\/\/lightweb.dev\/l\/svm-temp\/wp-json\/wp\/v2\/types\/post"}],"author":[{"embeddable":true,"href":"https:\/\/lightweb.dev\/l\/svm-temp\/wp-json\/wp\/v2\/users\/8"}],"replies":[{"embeddable":true,"href":"https:\/\/lightweb.dev\/l\/svm-temp\/wp-json\/wp\/v2\/comments?post=9710"}],"version-history":[{"count":0,"href":"https:\/\/lightweb.dev\/l\/svm-temp\/wp-json\/wp\/v2\/posts\/9710\/revisions"}],"wp:featuredmedia":[{"embeddable":true,"href":"https:\/\/lightweb.dev\/l\/svm-temp\/wp-json\/wp\/v2\/media\/9711"}],"wp:attachment":[{"href":"https:\/\/lightweb.dev\/l\/svm-temp\/wp-json\/wp\/v2\/media?parent=9710"}],"wp:term":[{"taxonomy":"category","embeddable":true,"href":"https:\/\/lightweb.dev\/l\/svm-temp\/wp-json\/wp\/v2\/categories?post=9710"},{"taxonomy":"post_tag","embeddable":true,"href":"https:\/\/lightweb.dev\/l\/svm-temp\/wp-json\/wp\/v2\/tags?post=9710"}],"curies":[{"name":"wp","href":"https:\/\/api.w.org\/{rel}","templated":true}]}}