{"id":9712,"date":"2022-03-31T10:52:00","date_gmt":"2022-03-31T08:52:00","guid":{"rendered":"https:\/\/lightweb.dev\/l\/svm-temp\/kryssningsfartygen-flockas-pa-costa-del-sol\/"},"modified":"2022-03-31T10:52:00","modified_gmt":"2022-03-31T08:52:00","slug":"kryssningsfartygen-flockas-pa-costa-del-sol","status":"publish","type":"post","link":"https:\/\/lightweb.dev\/l\/svm-temp\/nyheter\/kryssningsfartygen-flockas-pa-costa-del-sol\/","title":{"rendered":"Kryssningsfartygen flockas p\u00e5 Costa del Sol"},"content":{"rendered":"<p> Hamnen i M\u00e1laga har \u00e5tertagit sin plats som en veritabel magnet f\u00f6r kryssningsturismen i Spanien. P\u00e5 fredag inleds h\u00f6gs\u00e4songen f\u00f6r denna lukrativa verksamhet, som har sina absoluta toppar under v\u00e5ren och h\u00f6sten.<\/p>\n<p>Under innevarande v\u00e5rs\u00e4song fram till juni \u00e4r 96 kryssningsfartyg inbokade f\u00f6r att l\u00e4gga till i  M\u00e1lagas hamn, det \u00e4r bara sju fartyg mindre \u00e4n under samma period 2019. Detta \u00e4r den f\u00f6rsta s\u00e4songen som vi ser en ny normalitet i denna bransch som blev i stort sett paralyserad av pandemin.<\/p>\n<p>Dessutom har intresset v\u00e4ckts hos fler rederier f\u00f6r M\u00e1laga, av v\u00e5rens anl\u00f6pande fartyg \u00e4r det 19 som aldrig tidigare bes\u00f6kt Costa del Sols huvudstad,  det \u00e4r fler premi\u00e4rer \u00e4n de 14 som f\u00f6r f\u00f6rsta g\u00e5ngen anl\u00f6pte hamnen under 2019.<\/p>\n<p>Ser man p\u00e5 antalet bokade anl\u00f6p f\u00f6r hela \u00e5ret s\u00e5 \u00e4r den summan redan uppe 293 fartyg, vilket \u00e4r fler \u00e4n 2019 d\u00e5 det kom 288 stycken. Av de som \u00e4r inbokade i \u00e5r \u00e4r det 32 fartyg som g\u00f6r premi\u00e4rbes\u00f6k i  M\u00e1laga.<\/p>\n<p>Den 28 april \u00e4r en liten speciell dag f\u00f6r hamnen. D\u00e5 kommer det att anl\u00f6pa 5 fartyg samtidigt och det har inte h\u00e4nt sedan f\u00f6re pandemin.<\/p>\n<p>Hur m\u00e5nga passagerare som anl\u00e4nder \u00e4r sv\u00e5rt att svara p\u00e5 eftersom m\u00e5nga rederier fortfarande har tr\u00e4ngselbegr\u00e4nsningar p\u00e5 sina fartyg. Men generellt sett har fartygen blivit b\u00e5de lyxigare och st\u00f6rre. Ett exempel \u00e4r MSC Orchestra som kommer att ha M\u00e1laga som ombordstigningshamn fr\u00e5n juni till oktober f\u00f6r sina 11 dagar l\u00e5nga medelhavskryssningar. Det fartyget har kapacitet f\u00f6r 3.223 passagerare och har en bes\u00e4ttning p\u00e5 cirka 1.300 personer. Det g\u00f6r att bolaget MSC Cruceros med 12 anl\u00f6pningar i hamnen blir det rederiet som har flest stopp i M\u00e1laga, en \u00f6kning med 52,6% j\u00e4mf\u00f6rt med 2019. Bildtext: MSC-Orchestra.<\/p>\n","protected":false},"excerpt":{"rendered":"<p>Hamnen i M\u00e1laga har \u00e5tertagit sin plats som en veritabel magnet f\u00f6r kryssningsturismen i Spanien. P\u00e5 fredag inleds h\u00f6gs\u00e4songen f\u00f6r denna lukrativa verksamhet, som har sina absoluta toppar under v\u00e5ren och h\u00f6sten. Under innevarande v\u00e5rs\u00e4song fram till juni \u00e4r 96 kryssningsfartyg inbokade f\u00f6r att l\u00e4gga till i M\u00e1lagas hamn, det \u00e4r bara sju fartyg mindre [&hellip;]<\/p>\n","protected":false},"author":8,"featured_media":0,"comment_status":"open","ping_status":"open","sticky":false,"template":"","format":"standard","meta":{"_et_pb_use_builder":"","_et_pb_old_content":"","_et_gb_content_width":"","footnotes":""},"categories":[395,3],"tags":[],"class_list":["post-9712","post","type-post","status-publish","format-standard","hentry","category-arkiv-nyheter","category-nyheter"],"yoast_head":"<!-- This site is optimized with the Yoast SEO Premium plugin v26.2 (Yoast SEO v27.4) - https:\/\/yoast.com\/product\/yoast-seo-premium-wordpress\/ -->\n<title>Kryssningsfartygen flockas p\u00e5 Costa del Sol - Svenska Magasinet<\/title>\n<meta name=\"robots\" content=\"noindex, follow, max-snippet:-1, max-image-preview:large, max-video-preview:-1\" \/>\n<meta property=\"og:locale\" content=\"sv_SE\" \/>\n<meta property=\"og:type\" content=\"article\" \/>\n<meta property=\"og:title\" content=\"Kryssningsfartygen flockas p\u00e5 Costa del Sol\" \/>\n<meta property=\"og:description\" content=\"Hamnen i M\u00e1laga har \u00e5tertagit sin plats som en veritabel magnet f\u00f6r kryssningsturismen i Spanien. P\u00e5 fredag inleds h\u00f6gs\u00e4songen f\u00f6r denna lukrativa verksamhet, som har sina absoluta toppar under v\u00e5ren och h\u00f6sten. Under innevarande v\u00e5rs\u00e4song fram till juni \u00e4r 96 kryssningsfartyg inbokade f\u00f6r att l\u00e4gga till i M\u00e1lagas hamn, det \u00e4r bara sju fartyg mindre [&hellip;]\" \/>\n<meta property=\"og:url\" content=\"https:\/\/lightweb.dev\/l\/svm-temp\/nyheter\/kryssningsfartygen-flockas-pa-costa-del-sol\/\" \/>\n<meta property=\"og:site_name\" content=\"Svenska Magasinet\" \/>\n<meta property=\"article:publisher\" content=\"https:\/\/www.facebook.com\/svenskamagasinet\" \/>\n<meta property=\"article:published_time\" content=\"2022-03-31T08:52:00+00:00\" \/>\n<meta name=\"author\" content=\"Redaktionen SvM\" \/>\n<meta name=\"twitter:card\" content=\"summary_large_image\" \/>\n<meta name=\"twitter:creator\" content=\"@SvenskaMagasine\" \/>\n<meta name=\"twitter:site\" content=\"@SvenskaMagasine\" \/>\n<script type=\"application\/ld+json\" class=\"yoast-schema-graph\">{\"@context\":\"https:\\\/\\\/schema.org\",\"@graph\":[{\"@type\":\"Article\",\"@id\":\"https:\\\/\\\/lightweb.dev\\\/l\\\/svm-temp\\\/nyheter\\\/kryssningsfartygen-flockas-pa-costa-del-sol\\\/#article\",\"isPartOf\":{\"@id\":\"https:\\\/\\\/lightweb.dev\\\/l\\\/svm-temp\\\/nyheter\\\/kryssningsfartygen-flockas-pa-costa-del-sol\\\/\"},\"author\":{\"name\":\"Redaktionen SvM\",\"@id\":\"https:\\\/\\\/lightweb.dev\\\/l\\\/svm-temp\\\/#\\\/schema\\\/person\\\/206a3bda5b607b0c25e1749191e4d837\"},\"headline\":\"Kryssningsfartygen flockas p\u00e5 Costa del Sol\",\"datePublished\":\"2022-03-31T08:52:00+00:00\",\"mainEntityOfPage\":{\"@id\":\"https:\\\/\\\/lightweb.dev\\\/l\\\/svm-temp\\\/nyheter\\\/kryssningsfartygen-flockas-pa-costa-del-sol\\\/\"},\"wordCount\":328,\"commentCount\":0,\"publisher\":{\"@id\":\"https:\\\/\\\/lightweb.dev\\\/l\\\/svm-temp\\\/#organization\"},\"articleSection\":[\"Arkiv\",\"Nyheter\"],\"inLanguage\":\"sv-SE\"},{\"@type\":\"WebPage\",\"@id\":\"https:\\\/\\\/lightweb.dev\\\/l\\\/svm-temp\\\/nyheter\\\/kryssningsfartygen-flockas-pa-costa-del-sol\\\/\",\"url\":\"https:\\\/\\\/lightweb.dev\\\/l\\\/svm-temp\\\/nyheter\\\/kryssningsfartygen-flockas-pa-costa-del-sol\\\/\",\"name\":\"Kryssningsfartygen flockas p\u00e5 Costa del Sol - Svenska Magasinet\",\"isPartOf\":{\"@id\":\"https:\\\/\\\/lightweb.dev\\\/l\\\/svm-temp\\\/#website\"},\"datePublished\":\"2022-03-31T08:52:00+00:00\",\"breadcrumb\":{\"@id\":\"https:\\\/\\\/lightweb.dev\\\/l\\\/svm-temp\\\/nyheter\\\/kryssningsfartygen-flockas-pa-costa-del-sol\\\/#breadcrumb\"},\"inLanguage\":\"sv-SE\",\"potentialAction\":[{\"@type\":\"ReadAction\",\"target\":[\"https:\\\/\\\/lightweb.dev\\\/l\\\/svm-temp\\\/nyheter\\\/kryssningsfartygen-flockas-pa-costa-del-sol\\\/\"]}]},{\"@type\":\"BreadcrumbList\",\"@id\":\"https:\\\/\\\/lightweb.dev\\\/l\\\/svm-temp\\\/nyheter\\\/kryssningsfartygen-flockas-pa-costa-del-sol\\\/#breadcrumb\",\"itemListElement\":[{\"@type\":\"ListItem\",\"position\":1,\"name\":\"Hem\",\"item\":\"https:\\\/\\\/lightweb.dev\\\/l\\\/svm-temp\\\/\"},{\"@type\":\"ListItem\",\"position\":2,\"name\":\"Kryssningsfartygen flockas p\u00e5 Costa del Sol\"}]},{\"@type\":\"WebSite\",\"@id\":\"https:\\\/\\\/lightweb.dev\\\/l\\\/svm-temp\\\/#website\",\"url\":\"https:\\\/\\\/lightweb.dev\\\/l\\\/svm-temp\\\/\",\"name\":\"Svenska Magasinet\",\"description\":\"Dina Spanska nyheter p&aring; Svenska\",\"publisher\":{\"@id\":\"https:\\\/\\\/lightweb.dev\\\/l\\\/svm-temp\\\/#organization\"},\"potentialAction\":[{\"@type\":\"SearchAction\",\"target\":{\"@type\":\"EntryPoint\",\"urlTemplate\":\"https:\\\/\\\/lightweb.dev\\\/l\\\/svm-temp\\\/?s={search_term_string}\"},\"query-input\":{\"@type\":\"PropertyValueSpecification\",\"valueRequired\":true,\"valueName\":\"search_term_string\"}}],\"inLanguage\":\"sv-SE\"},{\"@type\":\"Organization\",\"@id\":\"https:\\\/\\\/lightweb.dev\\\/l\\\/svm-temp\\\/#organization\",\"name\":\"Melkerson y Nott SL\",\"alternateName\":\"Svenska Magasinet\",\"url\":\"https:\\\/\\\/lightweb.dev\\\/l\\\/svm-temp\\\/\",\"logo\":{\"@type\":\"ImageObject\",\"inLanguage\":\"sv-SE\",\"@id\":\"https:\\\/\\\/lightweb.dev\\\/l\\\/svm-temp\\\/#\\\/schema\\\/logo\\\/image\\\/\",\"url\":\"https:\\\/\\\/lightweb.dev\\\/l\\\/svm-temp\\\/wp-content\\\/uploads\\\/2025\\\/02\\\/SvM-logo-Xtra-Centrerad-SVART.png\",\"contentUrl\":\"https:\\\/\\\/lightweb.dev\\\/l\\\/svm-temp\\\/wp-content\\\/uploads\\\/2025\\\/02\\\/SvM-logo-Xtra-Centrerad-SVART.png\",\"width\":300,\"height\":99,\"caption\":\"Melkerson y Nott SL\"},\"image\":{\"@id\":\"https:\\\/\\\/lightweb.dev\\\/l\\\/svm-temp\\\/#\\\/schema\\\/logo\\\/image\\\/\"},\"sameAs\":[\"https:\\\/\\\/www.facebook.com\\\/svenskamagasinet\",\"https:\\\/\\\/x.com\\\/SvenskaMagasine\"]},{\"@type\":\"Person\",\"@id\":\"https:\\\/\\\/lightweb.dev\\\/l\\\/svm-temp\\\/#\\\/schema\\\/person\\\/206a3bda5b607b0c25e1749191e4d837\",\"name\":\"Redaktionen SvM\",\"description\":\"Redaktionen\",\"sameAs\":[\"https:\\\/\\\/lightweb.dev\\\/l\\\/svm-temp\"],\"url\":\"https:\\\/\\\/lightweb.dev\\\/l\\\/svm-temp\\\/reporter\\\/redaktionen\\\/\"}]}<\/script>\n<!-- \/ Yoast SEO Premium plugin. -->","yoast_head_json":{"title":"Kryssningsfartygen flockas p\u00e5 Costa del Sol - Svenska Magasinet","robots":{"index":"noindex","follow":"follow","max-snippet":"max-snippet:-1","max-image-preview":"max-image-preview:large","max-video-preview":"max-video-preview:-1"},"og_locale":"sv_SE","og_type":"article","og_title":"Kryssningsfartygen flockas p\u00e5 Costa del Sol","og_description":"Hamnen i M\u00e1laga har \u00e5tertagit sin plats som en veritabel magnet f\u00f6r kryssningsturismen i Spanien. P\u00e5 fredag inleds h\u00f6gs\u00e4songen f\u00f6r denna lukrativa verksamhet, som har sina absoluta toppar under v\u00e5ren och h\u00f6sten. Under innevarande v\u00e5rs\u00e4song fram till juni \u00e4r 96 kryssningsfartyg inbokade f\u00f6r att l\u00e4gga till i M\u00e1lagas hamn, det \u00e4r bara sju fartyg mindre [&hellip;]","og_url":"https:\/\/lightweb.dev\/l\/svm-temp\/nyheter\/kryssningsfartygen-flockas-pa-costa-del-sol\/","og_site_name":"Svenska Magasinet","article_publisher":"https:\/\/www.facebook.com\/svenskamagasinet","article_published_time":"2022-03-31T08:52:00+00:00","author":"Redaktionen SvM","twitter_card":"summary_large_image","twitter_creator":"@SvenskaMagasine","twitter_site":"@SvenskaMagasine","schema":{"@context":"https:\/\/schema.org","@graph":[{"@type":"Article","@id":"https:\/\/lightweb.dev\/l\/svm-temp\/nyheter\/kryssningsfartygen-flockas-pa-costa-del-sol\/#article","isPartOf":{"@id":"https:\/\/lightweb.dev\/l\/svm-temp\/nyheter\/kryssningsfartygen-flockas-pa-costa-del-sol\/"},"author":{"name":"Redaktionen SvM","@id":"https:\/\/lightweb.dev\/l\/svm-temp\/#\/schema\/person\/206a3bda5b607b0c25e1749191e4d837"},"headline":"Kryssningsfartygen flockas p\u00e5 Costa del Sol","datePublished":"2022-03-31T08:52:00+00:00","mainEntityOfPage":{"@id":"https:\/\/lightweb.dev\/l\/svm-temp\/nyheter\/kryssningsfartygen-flockas-pa-costa-del-sol\/"},"wordCount":328,"commentCount":0,"publisher":{"@id":"https:\/\/lightweb.dev\/l\/svm-temp\/#organization"},"articleSection":["Arkiv","Nyheter"],"inLanguage":"sv-SE"},{"@type":"WebPage","@id":"https:\/\/lightweb.dev\/l\/svm-temp\/nyheter\/kryssningsfartygen-flockas-pa-costa-del-sol\/","url":"https:\/\/lightweb.dev\/l\/svm-temp\/nyheter\/kryssningsfartygen-flockas-pa-costa-del-sol\/","name":"Kryssningsfartygen flockas p\u00e5 Costa del Sol - Svenska Magasinet","isPartOf":{"@id":"https:\/\/lightweb.dev\/l\/svm-temp\/#website"},"datePublished":"2022-03-31T08:52:00+00:00","breadcrumb":{"@id":"https:\/\/lightweb.dev\/l\/svm-temp\/nyheter\/kryssningsfartygen-flockas-pa-costa-del-sol\/#breadcrumb"},"inLanguage":"sv-SE","potentialAction":[{"@type":"ReadAction","target":["https:\/\/lightweb.dev\/l\/svm-temp\/nyheter\/kryssningsfartygen-flockas-pa-costa-del-sol\/"]}]},{"@type":"BreadcrumbList","@id":"https:\/\/lightweb.dev\/l\/svm-temp\/nyheter\/kryssningsfartygen-flockas-pa-costa-del-sol\/#breadcrumb","itemListElement":[{"@type":"ListItem","position":1,"name":"Hem","item":"https:\/\/lightweb.dev\/l\/svm-temp\/"},{"@type":"ListItem","position":2,"name":"Kryssningsfartygen flockas p\u00e5 Costa del Sol"}]},{"@type":"WebSite","@id":"https:\/\/lightweb.dev\/l\/svm-temp\/#website","url":"https:\/\/lightweb.dev\/l\/svm-temp\/","name":"Svenska Magasinet","description":"Dina Spanska nyheter p&aring; Svenska","publisher":{"@id":"https:\/\/lightweb.dev\/l\/svm-temp\/#organization"},"potentialAction":[{"@type":"SearchAction","target":{"@type":"EntryPoint","urlTemplate":"https:\/\/lightweb.dev\/l\/svm-temp\/?s={search_term_string}"},"query-input":{"@type":"PropertyValueSpecification","valueRequired":true,"valueName":"search_term_string"}}],"inLanguage":"sv-SE"},{"@type":"Organization","@id":"https:\/\/lightweb.dev\/l\/svm-temp\/#organization","name":"Melkerson y Nott SL","alternateName":"Svenska Magasinet","url":"https:\/\/lightweb.dev\/l\/svm-temp\/","logo":{"@type":"ImageObject","inLanguage":"sv-SE","@id":"https:\/\/lightweb.dev\/l\/svm-temp\/#\/schema\/logo\/image\/","url":"https:\/\/lightweb.dev\/l\/svm-temp\/wp-content\/uploads\/2025\/02\/SvM-logo-Xtra-Centrerad-SVART.png","contentUrl":"https:\/\/lightweb.dev\/l\/svm-temp\/wp-content\/uploads\/2025\/02\/SvM-logo-Xtra-Centrerad-SVART.png","width":300,"height":99,"caption":"Melkerson y Nott SL"},"image":{"@id":"https:\/\/lightweb.dev\/l\/svm-temp\/#\/schema\/logo\/image\/"},"sameAs":["https:\/\/www.facebook.com\/svenskamagasinet","https:\/\/x.com\/SvenskaMagasine"]},{"@type":"Person","@id":"https:\/\/lightweb.dev\/l\/svm-temp\/#\/schema\/person\/206a3bda5b607b0c25e1749191e4d837","name":"Redaktionen SvM","description":"Redaktionen","sameAs":["https:\/\/lightweb.dev\/l\/svm-temp"],"url":"https:\/\/lightweb.dev\/l\/svm-temp\/reporter\/redaktionen\/"}]}},"_links":{"self":[{"href":"https:\/\/lightweb.dev\/l\/svm-temp\/wp-json\/wp\/v2\/posts\/9712","targetHints":{"allow":["GET"]}}],"collection":[{"href":"https:\/\/lightweb.dev\/l\/svm-temp\/wp-json\/wp\/v2\/posts"}],"about":[{"href":"https:\/\/lightweb.dev\/l\/svm-temp\/wp-json\/wp\/v2\/types\/post"}],"author":[{"embeddable":true,"href":"https:\/\/lightweb.dev\/l\/svm-temp\/wp-json\/wp\/v2\/users\/8"}],"replies":[{"embeddable":true,"href":"https:\/\/lightweb.dev\/l\/svm-temp\/wp-json\/wp\/v2\/comments?post=9712"}],"version-history":[{"count":0,"href":"https:\/\/lightweb.dev\/l\/svm-temp\/wp-json\/wp\/v2\/posts\/9712\/revisions"}],"wp:attachment":[{"href":"https:\/\/lightweb.dev\/l\/svm-temp\/wp-json\/wp\/v2\/media?parent=9712"}],"wp:term":[{"taxonomy":"category","embeddable":true,"href":"https:\/\/lightweb.dev\/l\/svm-temp\/wp-json\/wp\/v2\/categories?post=9712"},{"taxonomy":"post_tag","embeddable":true,"href":"https:\/\/lightweb.dev\/l\/svm-temp\/wp-json\/wp\/v2\/tags?post=9712"}],"curies":[{"name":"wp","href":"https:\/\/api.w.org\/{rel}","templated":true}]}}